{"id":68736,"date":"2025-11-23T20:08:05","date_gmt":"2025-11-24T03:08:05","guid":{"rendered":"https:\/\/elpajaritonews.com\/?p=68736"},"modified":"2025-11-23T20:08:08","modified_gmt":"2025-11-24T03:08:08","slug":"un-ex-escolta-de-carlos-manzo-sigue-profugo-gobierno-de-michoacan","status":"publish","type":"post","link":"https:\/\/elpajaritonews.com\/?p=68736","title":{"rendered":"UN EX ESCOLTA DE CARLOS MANZO SIGUE PR\u00d3FUGO: GOBIERNO DE MICHOAC\u00c1N"},"content":{"rendered":"\n<p class=\"wp-block-paragraph\">&nbsp;El gobernador de Michoac\u00e1n, Alfredo Ram\u00edrez Bedolla, dio a conocer que un octavo escolta del alcalde asesinado de Uruapan, Carlos Manzo, se encuentra pr\u00f3fugo de la justicia.<\/p>\n\n\n\n<p class=\"wp-block-paragraph\">En entrevista posterior a la inauguraci\u00f3n de los Santuarios de la Mariposa Monarca, confirm\u00f3 que uno de los elementos de seguridad del edil logr\u00f3 darse a la fuga mientras se realizaba la detenci\u00f3n de los otros siete guardaespaldas el viernes pasado; no obstante, no revel\u00f3 la identidad, pero dijo que ya se trabaja para dar con su paradero.<\/p>\n\n\n\n<p class=\"wp-block-paragraph\">Se\u00f1al\u00f3 que se est\u00e1 haciendo una investigaci\u00f3n integral y amplia para esclarecer el homicidio del alcalde Carlos Manzo, ocurrido el pasado 1 de noviembre.<\/p>\n\n\n\n<p class=\"wp-block-paragraph\">\u201cYa se estableci\u00f3 como parte de la fiscal\u00eda esta l\u00ednea que incluye su primer c\u00edrculo de seguridad, ocho escoltas; ayer (viernes) fueron detenidos siete, uno no fue detenido, es decir, se encuentra pr\u00f3fugo\u201d, declar\u00f3.<\/p>\n\n\n\n<p class=\"wp-block-paragraph\">De acuerdo con la Fiscal\u00eda General del Estado, el viernes se cumpliment\u00f3 una orden de aprehensi\u00f3n en contra de los servidores p\u00fablicos del municipio, responsables de proteger a Manzo, por su presunta participaci\u00f3n en el delito de homicidio calificado, en comisi\u00f3n por omisi\u00f3n.<\/p>\n\n\n\n<p class=\"wp-block-paragraph\">Ram\u00edrez Bedolla recalc\u00f3 que existe una \u201cestrecha\u201d colaboraci\u00f3n en las investigaciones entre el secretario de Seguridad y Protecci\u00f3n Ciudadana, Omar Garc\u00eda Harfuch y el fiscal estatal, Carlos Torres.&nbsp;<\/p>\n\n\n\n<p class=\"wp-block-paragraph\">Al cuestionarle si no se descarta la l\u00ednea pol\u00edtica, el gobernador respondi\u00f3 que hay una \u201cinvestigaci\u00f3n abierta\u201d.&nbsp;<\/p>\n\n\n\n<p class=\"wp-block-paragraph\">\u201cLo que se\u00f1alo es que la investigaci\u00f3n se est\u00e1 dando de manera muy amplia, muy profesional y en colaboraci\u00f3n con el gobierno de Estado, el gobierno federal, fiscal\u00eda del Estado y tambi\u00e9n Secretar\u00eda de Seguridad P\u00fablica y Protecci\u00f3n Ciudadana a nivel federal\u201d, recalc\u00f3.<\/p>\n\n\n\n<p class=\"wp-block-paragraph\">Los siete custodios arrestados fueron identificados como:<\/p>\n\n\n\n<p class=\"wp-block-paragraph\">Omar, de 47 a\u00f1os, originario del estado de M\u00e9xico.<\/p>\n\n\n\n<p class=\"wp-block-paragraph\">Alejandro, de 21, de Uruapan.<\/p>\n\n\n\n<p class=\"wp-block-paragraph\">Mario Alberto, de 45, de la Ciudad de M\u00e9xico.<\/p>\n\n\n\n<p class=\"wp-block-paragraph\">Guillermo, de 43 a\u00f1os, de Puebla.<\/p>\n\n\n\n<p class=\"wp-block-paragraph\">Demetrio, de 44, de Hidalgo.<\/p>\n\n\n\n<p class=\"wp-block-paragraph\">Omar Osvaldo, de 56 a\u00f1os, originario de Veracruz.<\/p>\n\n\n\n<p class=\"wp-block-paragraph\">Montserrat, de 23 a\u00f1os, de Guerrero.<\/p>\n\n\n\n<p class=\"wp-block-paragraph\">Todos fueron puestos a disposici\u00f3n de un juez de control.<\/p>\n","protected":false},"excerpt":{"rendered":"<p>&nbsp;El gobernador de Michoac\u00e1n, Alfredo Ram\u00edrez Bedolla, dio a conocer que un octavo escolta del alcalde asesinado de Uruapan, Carlos Manzo, se encuentra pr\u00f3fugo de la justicia. En entrevista posterior a la inauguraci\u00f3n de los Santuarios de la Mariposa Monarca, confirm\u00f3 que uno de los elementos de seguridad del edil logr\u00f3 darse a la fuga&#8230;<\/p>\n","protected":false},"author":2,"featured_media":68737,"comment_status":"closed","ping_status":"closed","sticky":false,"template":"","format":"standard","meta":{"_crdt_document":"","_exactmetrics_skip_tracking":false,"_exactmetrics_sitenote_active":false,"_exactmetrics_sitenote_note":"","_exactmetrics_sitenote_category":0,"footnotes":""},"categories":[88,23,31,1,27,69],"tags":[72,75],"class_list":["post-68736","post","type-post","status-publish","format-standard","has-post-thumbnail","hentry","category-justicia","category-mexico","category-politica","category-seguridad","category-sonora","category-ultimas-noticias","tag-claudia-sheinbaum","tag-seguridad-publica"],"_links":{"self":[{"href":"https:\/\/elpajaritonews.com\/index.php?rest_route=\/wp\/v2\/posts\/68736","targetHints":{"allow":["GET"]}}],"collection":[{"href":"https:\/\/elpajaritonews.com\/index.php?rest_route=\/wp\/v2\/posts"}],"about":[{"href":"https:\/\/elpajaritonews.com\/index.php?rest_route=\/wp\/v2\/types\/post"}],"author":[{"embeddable":true,"href":"https:\/\/elpajaritonews.com\/index.php?rest_route=\/wp\/v2\/users\/2"}],"replies":[{"embeddable":true,"href":"https:\/\/elpajaritonews.com\/index.php?rest_route=%2Fwp%2Fv2%2Fcomments&post=68736"}],"version-history":[{"count":1,"href":"https:\/\/elpajaritonews.com\/index.php?rest_route=\/wp\/v2\/posts\/68736\/revisions"}],"predecessor-version":[{"id":68738,"href":"https:\/\/elpajaritonews.com\/index.php?rest_route=\/wp\/v2\/posts\/68736\/revisions\/68738"}],"wp:featuredmedia":[{"embeddable":true,"href":"https:\/\/elpajaritonews.com\/index.php?rest_route=\/wp\/v2\/media\/68737"}],"wp:attachment":[{"href":"https:\/\/elpajaritonews.com\/index.php?rest_route=%2Fwp%2Fv2%2Fmedia&parent=68736"}],"wp:term":[{"taxonomy":"category","embeddable":true,"href":"https:\/\/elpajaritonews.com\/index.php?rest_route=%2Fwp%2Fv2%2Fcategories&post=68736"},{"taxonomy":"post_tag","embeddable":true,"href":"https:\/\/elpajaritonews.com\/index.php?rest_route=%2Fwp%2Fv2%2Ftags&post=68736"}],"curies":[{"name":"wp","href":"https:\/\/api.w.org\/{rel}","templated":true}]}}