{"id":68739,"date":"2025-11-23T20:56:46","date_gmt":"2025-11-24T03:56:46","guid":{"rendered":"https:\/\/elpajaritonews.com\/?p=68739"},"modified":"2025-11-23T20:56:49","modified_gmt":"2025-11-24T03:56:49","slug":"presidenta-sheinbaum-anuncia-que-visitara-los-pueblos-del-rio-sonora-en-noviembre","status":"publish","type":"post","link":"https:\/\/elpajaritonews.com\/?p=68739","title":{"rendered":"PRESIDENTA SHEINBAUM ANUNCIA QUE VISITAR\u00c1 LOS PUEBLOS DEL R\u00cdO SONORA EN NOVIEMBRE"},"content":{"rendered":"\n<p class=\"wp-block-paragraph\">La Presidenta reconoci\u00f3 que hay personas que se oponen a la construcci\u00f3n de las presas en Hermosillo, por lo cual realizar\u00e1 un viaje para explicar el proyecto.<\/p>\n\n\n\n<p class=\"wp-block-paragraph\">La presidenta Claudia Sheinbaum Pardo dijo que visitar\u00e1 los pueblos del R\u00edo Sonora en noviembre.<\/p>\n\n\n\n<p class=\"wp-block-paragraph\">Fuera de micr\u00f3fono, al concluir la conferencia matutina, se le pregunt\u00f3 cu\u00e1ndo acudir\u00e1 con la poblaci\u00f3n de las comunidades del R\u00edo Sonora que se oponen a la construcci\u00f3n de las presas para dotar de agua a Hermosillo.<\/p>\n\n\n\n<p class=\"wp-block-paragraph\">\u201cYo creo que en noviembre vamos\u201d, contest\u00f3 antes de retirarse a sus actividades del d\u00eda, luego de dar por concluida la conferencia.<\/p>\n\n\n\n<p class=\"wp-block-paragraph\">Antes, durante su exposici\u00f3n, la Presidenta reconoci\u00f3 que hay personas que se oponen a la construcci\u00f3n de las presas.<\/p>\n\n\n\n<figure class=\"wp-block-video\"><video height=\"1080\" style=\"aspect-ratio: 1920 \/ 1080;\" width=\"1920\" controls src=\"https:\/\/elpajaritonews.com\/wp-content\/uploads\/2025\/11\/FGGFGFGFGFGFGFG.mp4\"><\/video><\/figure>\n\n\n\n<p class=\"wp-block-paragraph\">Hay personas que se oponen a la construcci\u00f3n de las presas, que se les explique el proyecto, que se hiciera una consulta p\u00fablica. No hay muchas alternativas para llevar agua a Hermosillo que ha crecido, pero dado que hay personas que no est\u00e1n de acuerdo planteamos una consulta.<\/p>\n\n\n\n<p class=\"wp-block-paragraph\">La Presidenta ha dicho en otras ocasiones que la consulta estar\u00e1 a cargo de la Comisi\u00f3n Nacional del Agua (Conagua) en acuerdo con el gobierno del estado.<\/p>\n\n\n\n<p class=\"wp-block-paragraph\">En el Proyecto de Presupuesto de Egresos de la Federaci\u00f3n 2026 la Secretar\u00eda de Medio Ambiente y Recursos Naturales (Semarnat) etiquet\u00f3 mil 500 millones de pesos para la \u201cConstrucci\u00f3n del sistema de presas Puerta del Sol y Sinoquipe para el abastecimiento de agua en bloque a la ciudad de Hermosillo, Sonora\u201d.<\/p>\n\n\n\n<p class=\"wp-block-paragraph\">La inversi\u00f3n total del proyecto, de acuerdo con el PPEF 2026, es de 8 mil 732 millones 677 mil 807 pesos.<\/p>\n","protected":false},"excerpt":{"rendered":"<p>La Presidenta reconoci\u00f3 que hay personas que se oponen a la construcci\u00f3n de las presas en Hermosillo, por lo cual realizar\u00e1 un viaje para explicar el proyecto. La presidenta Claudia Sheinbaum Pardo dijo que visitar\u00e1 los pueblos del R\u00edo Sonora en noviembre. Fuera de micr\u00f3fono, al concluir la conferencia matutina, se le pregunt\u00f3 cu\u00e1ndo acudir\u00e1&#8230;<\/p>\n","protected":false},"author":2,"featured_media":68740,"comment_status":"closed","ping_status":"closed","sticky":false,"template":"","format":"standard","meta":{"_crdt_document":"","_exactmetrics_skip_tracking":false,"_exactmetrics_sitenote_active":false,"_exactmetrics_sitenote_note":"","_exactmetrics_sitenote_category":0,"footnotes":""},"categories":[36,26,37,23,31,1,27,69,65],"tags":[71,72,74,75],"class_list":["post-68739","post","type-post","status-publish","format-standard","has-post-thumbnail","hentry","category-economia","category-local","category-medio-ambiente","category-mexico","category-politica","category-seguridad","category-sonora","category-ultimas-noticias","category-videos","tag-alfonso-durazo","tag-claudia-sheinbaum","tag-hermosillo","tag-seguridad-publica"],"_links":{"self":[{"href":"https:\/\/elpajaritonews.com\/index.php?rest_route=\/wp\/v2\/posts\/68739","targetHints":{"allow":["GET"]}}],"collection":[{"href":"https:\/\/elpajaritonews.com\/index.php?rest_route=\/wp\/v2\/posts"}],"about":[{"href":"https:\/\/elpajaritonews.com\/index.php?rest_route=\/wp\/v2\/types\/post"}],"author":[{"embeddable":true,"href":"https:\/\/elpajaritonews.com\/index.php?rest_route=\/wp\/v2\/users\/2"}],"replies":[{"embeddable":true,"href":"https:\/\/elpajaritonews.com\/index.php?rest_route=%2Fwp%2Fv2%2Fcomments&post=68739"}],"version-history":[{"count":1,"href":"https:\/\/elpajaritonews.com\/index.php?rest_route=\/wp\/v2\/posts\/68739\/revisions"}],"predecessor-version":[{"id":68742,"href":"https:\/\/elpajaritonews.com\/index.php?rest_route=\/wp\/v2\/posts\/68739\/revisions\/68742"}],"wp:featuredmedia":[{"embeddable":true,"href":"https:\/\/elpajaritonews.com\/index.php?rest_route=\/wp\/v2\/media\/68740"}],"wp:attachment":[{"href":"https:\/\/elpajaritonews.com\/index.php?rest_route=%2Fwp%2Fv2%2Fmedia&parent=68739"}],"wp:term":[{"taxonomy":"category","embeddable":true,"href":"https:\/\/elpajaritonews.com\/index.php?rest_route=%2Fwp%2Fv2%2Fcategories&post=68739"},{"taxonomy":"post_tag","embeddable":true,"href":"https:\/\/elpajaritonews.com\/index.php?rest_route=%2Fwp%2Fv2%2Ftags&post=68739"}],"curies":[{"name":"wp","href":"https:\/\/api.w.org\/{rel}","templated":true}]}}