{"id":68749,"date":"2025-11-23T23:29:21","date_gmt":"2025-11-24T06:29:21","guid":{"rendered":"https:\/\/elpajaritonews.com\/?p=68749"},"modified":"2025-11-23T23:29:22","modified_gmt":"2025-11-24T06:29:22","slug":"si-se-tiene-que-ingresar-a-la-embajada-mexicana-se-hara-advierte-presidente-de-peru-jose-jeri-para-detener-a-la-exprimera-ministra-betssy-chavez","status":"publish","type":"post","link":"https:\/\/elpajaritonews.com\/?p=68749","title":{"rendered":"\u2018SI SE TIENE QUE INGRESAR A LA EMBAJADA MEXICANA, SE HAR\u00c1\u2019, ADVIERTE PRESIDENTE DE PER\u00da, JOS\u00c9 JER\u00cd PARA DETENER A LA EXPRIMERA MINISTRA BETSSY CH\u00c1VEZ"},"content":{"rendered":"\n<p class=\"wp-block-paragraph\">El presidente interino de Per\u00fa, Jos\u00e9 Jer\u00ed, asegur\u00f3 que su gobierno no descarta ingresar a la Embajada de M\u00e9xico en Lima para detener a la exprimera ministra Betssy Ch\u00e1vez, procesada por su presunta participaci\u00f3n en el fallido intento de golpe de Estado del expresidente Pedro Castillo.<\/p>\n\n\n\n<p class=\"wp-block-paragraph\">\u201cSi se tiene que ingresar a la Embajada mexicana, se har\u00e1\u201d, afirm\u00f3 Jer\u00ed en una entrevista publicada este domingo por El Comercio, al referirse a la situaci\u00f3n de Ch\u00e1vez, quien permanece refugiada desde hace casi tres semanas en la sede diplom\u00e1tica mexicana, tras recibir asilo pol\u00edtico.<\/p>\n\n\n\n<p class=\"wp-block-paragraph\">La exfuncionaria espera que el gobierno peruano otorgue un salvoconducto que le permita viajar a M\u00e9xico, pero Jer\u00ed evit\u00f3 pronunciarse sobre si conceder\u00e1 o no el permiso.<\/p>\n\n\n\n<p class=\"wp-block-paragraph\">Dijo que antes evaluar\u00e1 los compromisos internacionales del pa\u00eds, pero subray\u00f3 que existe \u201cincomodidad\u201d por lo que considera un \u201cmal uso del asilo pol\u00edtico\u201d.<\/p>\n\n\n\n<p class=\"wp-block-paragraph\">La tensi\u00f3n aument\u00f3 luego de que la Justicia peruana orden\u00f3 prisi\u00f3n preventiva por cinco meses y emiti\u00f3 una orden de captura internacional contra Ch\u00e1vez, al considerar que existe un \u201cpeligro palpable\u201d de fuga por sus ausencias en controles y audiencias judiciales.<\/p>\n\n\n\n<p class=\"wp-block-paragraph\">Consultado sobre el mensaje del presidente colombiano Gustavo Petro \u2014quien advirti\u00f3 que Colombia retirar\u00eda a su embajada si Per\u00fa \u201cagrede\u201d la sede diplom\u00e1tica mexicana\u2014, Jer\u00ed respondi\u00f3:<\/p>\n\n\n\n<p class=\"wp-block-paragraph\">\u201cA palabras necias, o\u00eddos sordos\u201d.<\/p>\n\n\n\n<p class=\"wp-block-paragraph\">Tambi\u00e9n afirm\u00f3 que \u201cno le tiembla la mano\u201d para tomar decisiones y que las relaciones exteriores del pa\u00eds se han deteriorado debido a la permisividad de \u201cotros presidentes\u201d.<\/p>\n\n\n\n<p class=\"wp-block-paragraph\">\u201cYo no lo voy a permitir. Tendr\u00e9 39 a\u00f1os, pero s\u00e9 lo que tengo que hacer y lo medito bien\u201d, a\u00f1adi\u00f3 el mandatario interino, en medio de una creciente tensi\u00f3n diplom\u00e1tica con M\u00e9xico y nuevos focos de fricci\u00f3n en la regi\u00f3n andina.<\/p>\n\n\n\n<p class=\"wp-block-paragraph\">Con informaci\u00f3n de EFE<\/p>\n","protected":false},"excerpt":{"rendered":"<p>El presidente interino de Per\u00fa, Jos\u00e9 Jer\u00ed, asegur\u00f3 que su gobierno no descarta ingresar a la Embajada de M\u00e9xico en Lima para detener a la exprimera ministra Betssy Ch\u00e1vez, procesada por su presunta participaci\u00f3n en el fallido intento de golpe de Estado del expresidente Pedro Castillo. \u201cSi se tiene que ingresar a la Embajada mexicana,&#8230;<\/p>\n","protected":false},"author":2,"featured_media":68750,"comment_status":"closed","ping_status":"closed","sticky":false,"template":"","format":"standard","meta":{"_crdt_document":"","_exactmetrics_skip_tracking":false,"_exactmetrics_sitenote_active":false,"_exactmetrics_sitenote_note":"","_exactmetrics_sitenote_category":0,"footnotes":""},"categories":[80,88,23,38,24,31,1,27,69],"tags":[72,75],"class_list":["post-68749","post","type-post","status-publish","format-standard","has-post-thumbnail","hentry","category-derechos-humanos","category-justicia","category-mexico","category-migracion","category-mundo","category-politica","category-seguridad","category-sonora","category-ultimas-noticias","tag-claudia-sheinbaum","tag-seguridad-publica"],"_links":{"self":[{"href":"https:\/\/elpajaritonews.com\/index.php?rest_route=\/wp\/v2\/posts\/68749","targetHints":{"allow":["GET"]}}],"collection":[{"href":"https:\/\/elpajaritonews.com\/index.php?rest_route=\/wp\/v2\/posts"}],"about":[{"href":"https:\/\/elpajaritonews.com\/index.php?rest_route=\/wp\/v2\/types\/post"}],"author":[{"embeddable":true,"href":"https:\/\/elpajaritonews.com\/index.php?rest_route=\/wp\/v2\/users\/2"}],"replies":[{"embeddable":true,"href":"https:\/\/elpajaritonews.com\/index.php?rest_route=%2Fwp%2Fv2%2Fcomments&post=68749"}],"version-history":[{"count":1,"href":"https:\/\/elpajaritonews.com\/index.php?rest_route=\/wp\/v2\/posts\/68749\/revisions"}],"predecessor-version":[{"id":68751,"href":"https:\/\/elpajaritonews.com\/index.php?rest_route=\/wp\/v2\/posts\/68749\/revisions\/68751"}],"wp:featuredmedia":[{"embeddable":true,"href":"https:\/\/elpajaritonews.com\/index.php?rest_route=\/wp\/v2\/media\/68750"}],"wp:attachment":[{"href":"https:\/\/elpajaritonews.com\/index.php?rest_route=%2Fwp%2Fv2%2Fmedia&parent=68749"}],"wp:term":[{"taxonomy":"category","embeddable":true,"href":"https:\/\/elpajaritonews.com\/index.php?rest_route=%2Fwp%2Fv2%2Fcategories&post=68749"},{"taxonomy":"post_tag","embeddable":true,"href":"https:\/\/elpajaritonews.com\/index.php?rest_route=%2Fwp%2Fv2%2Ftags&post=68749"}],"curies":[{"name":"wp","href":"https:\/\/api.w.org\/{rel}","templated":true}]}}