{"id":68824,"date":"2025-11-26T17:49:45","date_gmt":"2025-11-27T00:49:45","guid":{"rendered":"https:\/\/elpajaritonews.com\/?p=68824"},"modified":"2025-11-26T17:49:46","modified_gmt":"2025-11-27T00:49:46","slug":"destaca-tono-astiazaran-labor-de-empresas-galardonadas-por-su-trabajo-a-favor-de-comunidad","status":"publish","type":"post","link":"https:\/\/elpajaritonews.com\/?p=68824","title":{"rendered":"DESTACA TO\u00d1O ASTIAZAR\u00c1N LABOR DE EMPRESAS GALARDONADAS POR SU TRABAJO A FAVOR DE COMUNIDAD"},"content":{"rendered":"\n<p class=\"wp-block-paragraph\">-Acudi\u00f3 como invitado a la entrega de estos galardones por parte de la Fundaci\u00f3n del Empresariado Sonorense (FESAC) y el Centro Mexicano para la Filantrop\u00eda (CEMEFI).<\/p>\n\n\n\n<p class=\"wp-block-paragraph\">\u201cEstamos llamados a hacer lo extraordinario, y no solamente en el servicio p\u00fablico sino en la responsabilidad que tengamos, desde la empresa, desde la sociedad civil, lo ordinario lo hace cualquiera, lo extraordinario es lo que verdaderamente deja un legado\u201d, reflexion\u00f3 Antonio Astiazar\u00e1n Guti\u00e9rrez, en la entrega del distintivo de Empresa Socialmente Responsable (ESR) a 123 negocios.<\/p>\n\n\n\n<p class=\"wp-block-paragraph\">El Presidente Municipal particip\u00f3 con Oscar Gast\u00e9lum Donnadieu, director de la Agencia Municipal de Desarrollo Econ\u00f3mico (AMDE) en la ceremonia en la que representantes de micros, medianas y grandes empresas de Hermosillo y Sonora recibieron por primera vez o ratificaron la distinci\u00f3n por acreditar valores de compromiso con la sociedad, \u00e9tica y visi\u00f3n sostenible.<\/p>\n\n\n\n<p class=\"wp-block-paragraph\">Este a\u00f1o fueron 39 empresas grandes y 84 Micro, Peque\u00f1as y Medianas Empresas, MIPYMES, que obtuvieron el distintivo de Empresa Socialmente Responsable reflejando un avance significativo en la cultura de responsabilidad social.<\/p>\n\n\n\n<p class=\"wp-block-paragraph\">Estas empresas se comprometieron a tener un impacto positivo en la sociedad y el medio ambiente con acciones como implementar pr\u00e1cticas que minimizan su huella ecol\u00f3gica, iniciativas de voluntariado, donaciones a organizaciones locales y el apoyo a causas sociales fortaleciendo su compromiso con el bienestar social, desarrollo comunitario, cuidado del medio ambiente y la \u00e9tica organizacional.<\/p>\n\n\n\n<p class=\"wp-block-paragraph\">To\u00f1o Astiazar\u00e1n manifest\u00f3 que, para reconocer este esfuerzo, solicitar\u00e1 al titular de Desarrollo Econ\u00f3mico dise\u00f1ar un mecanismo municipal para estimular a aquellas empresas que fueron reconocidas por ser socialmente responsables.<\/p>\n\n\n\n<p class=\"wp-block-paragraph\">\u201cReconocer a quienes el d\u00eda de hoy son reconocidos o tienen esta certificaci\u00f3n por primera vez, pero tambi\u00e9n en especial quiero reconocer a quienes refrendan esta certificaci\u00f3n que es tan importante, porque ya hacerlo por m\u00e1s de dos a\u00f1os consecutivos a partir de estas iniciativas que buscan transformar la vida no s\u00f3lo de nuestros empleados sino de la sociedad con iniciativas tan importantes como la sustentabilidad, la calidad de vida de nuestros trabajadores; este compromiso que tenemos todas y todos con nuestra comunidad, yo estoy seguro que lo podemos lograr\u201d, manifest\u00f3.<\/p>\n\n\n\n<p class=\"wp-block-paragraph\">Como anfitriones participaron Luis Arturo Torres Mu\u00f1oz y Miguel \u00c1ngel P\u00e9rez Bustamante, presidente estatal y presidente del cap\u00edtulo Hermosillo de FESAC, respectivamente, as\u00ed como Evodio S\u00e1nchez Rodr\u00edguez, director de Responsabilidad Social Empresarial de CEMEFI.<\/p>\n\n\n\n<p class=\"wp-block-paragraph\">Asistieron Roberto Gradillas Pineda, Secretario de Econom\u00eda y Turismo del Estado de Sonora, quien acudi\u00f3 con la representaci\u00f3n del Gobernador Alfonso Durazo Monta\u00f1o; Julio C\u00e9sar Benavides Serrano, delegado Federal de la Secretar\u00eda de Econom\u00eda en Sonora; representantes de organismos empresariales y colegios de profesionistas e invitados especiales.<\/p>\n","protected":false},"excerpt":{"rendered":"<p>-Acudi\u00f3 como invitado a la entrega de estos galardones por parte de la Fundaci\u00f3n del Empresariado Sonorense (FESAC) y el Centro Mexicano para la Filantrop\u00eda (CEMEFI). \u201cEstamos llamados a hacer lo extraordinario, y no solamente en el servicio p\u00fablico sino en la responsabilidad que tengamos, desde la empresa, desde la sociedad civil, lo ordinario lo&#8230;<\/p>\n","protected":false},"author":2,"featured_media":68825,"comment_status":"closed","ping_status":"closed","sticky":false,"template":"","format":"standard","meta":{"_crdt_document":"","_exactmetrics_skip_tracking":false,"_exactmetrics_sitenote_active":false,"_exactmetrics_sitenote_note":"","_exactmetrics_sitenote_category":0,"footnotes":""},"categories":[36,26,31,27,69],"tags":[74],"class_list":["post-68824","post","type-post","status-publish","format-standard","has-post-thumbnail","hentry","category-economia","category-local","category-politica","category-sonora","category-ultimas-noticias","tag-hermosillo"],"_links":{"self":[{"href":"https:\/\/elpajaritonews.com\/index.php?rest_route=\/wp\/v2\/posts\/68824","targetHints":{"allow":["GET"]}}],"collection":[{"href":"https:\/\/elpajaritonews.com\/index.php?rest_route=\/wp\/v2\/posts"}],"about":[{"href":"https:\/\/elpajaritonews.com\/index.php?rest_route=\/wp\/v2\/types\/post"}],"author":[{"embeddable":true,"href":"https:\/\/elpajaritonews.com\/index.php?rest_route=\/wp\/v2\/users\/2"}],"replies":[{"embeddable":true,"href":"https:\/\/elpajaritonews.com\/index.php?rest_route=%2Fwp%2Fv2%2Fcomments&post=68824"}],"version-history":[{"count":1,"href":"https:\/\/elpajaritonews.com\/index.php?rest_route=\/wp\/v2\/posts\/68824\/revisions"}],"predecessor-version":[{"id":68826,"href":"https:\/\/elpajaritonews.com\/index.php?rest_route=\/wp\/v2\/posts\/68824\/revisions\/68826"}],"wp:featuredmedia":[{"embeddable":true,"href":"https:\/\/elpajaritonews.com\/index.php?rest_route=\/wp\/v2\/media\/68825"}],"wp:attachment":[{"href":"https:\/\/elpajaritonews.com\/index.php?rest_route=%2Fwp%2Fv2%2Fmedia&parent=68824"}],"wp:term":[{"taxonomy":"category","embeddable":true,"href":"https:\/\/elpajaritonews.com\/index.php?rest_route=%2Fwp%2Fv2%2Fcategories&post=68824"},{"taxonomy":"post_tag","embeddable":true,"href":"https:\/\/elpajaritonews.com\/index.php?rest_route=%2Fwp%2Fv2%2Ftags&post=68824"}],"curies":[{"name":"wp","href":"https:\/\/api.w.org\/{rel}","templated":true}]}}