{"id":68906,"date":"2025-11-28T19:06:56","date_gmt":"2025-11-29T02:06:56","guid":{"rendered":"https:\/\/elpajaritonews.com\/?p=68906"},"modified":"2025-11-28T19:06:57","modified_gmt":"2025-11-29T02:06:57","slug":"brinda-tono-astiazaran-empleo-temporal-a-100-hermosillenses-para-operativos-de-limpieza-en-la-ciudad","status":"publish","type":"post","link":"https:\/\/elpajaritonews.com\/?p=68906","title":{"rendered":"BRINDA TO\u00d1O ASTIAZAR\u00c1N EMPLEO TEMPORAL A 100 HERMOSILLENSES PARA OPERATIVOS DE LIMPIEZA EN LA CIUDAD"},"content":{"rendered":"\n<p class=\"wp-block-paragraph\">&#8211; Acompa\u00f1\u00f3 el primero de estos despliegues en los camellones y laterales del bulevar Quintero Arce, en la zona de Villa Bonita<\/p>\n\n\n\n<p class=\"wp-block-paragraph\">\u201cYo solamente vengo a decirles, gracias, muchas gracias, por hacer de nuestra ciudad una ciudad m\u00e1s limpia de la que todos nos podamos sentir muy orgullosos\u201d, expres\u00f3 Antonio Astiazar\u00e1n Guti\u00e9rrez al personal de Servicios P\u00fablicos Municipales y las 100 personas que estar\u00e1n colaborando en operativos de limpieza en espacios p\u00fablicos de Hermosillo.<\/p>\n\n\n\n<p class=\"wp-block-paragraph\">El Presidente Municipal acompa\u00f1\u00f3 el primero de los despliegues de limpieza de alto impacto, que tuvo lugar bulevar Carlos Quintero Arce, entre Serna y Paseo R\u00edo Sonora, donde ofreci\u00f3 un testimonio de agradecimiento al personal operativo participante, que incluy\u00f3 a empleados de Parques y Jardines y Sanidad y Limpia de Servicios P\u00fablicos Municipales.<\/p>\n\n\n\n<p class=\"wp-block-paragraph\">De manera especial reconoci\u00f3 el apoyo en estos despliegues de quienes colaboran a trav\u00e9s del Programa de Empleo Temporal.<\/p>\n\n\n\n<p class=\"wp-block-paragraph\">Las jornadas de limpieza continuar\u00e1n por 3 semanas en 15 camellones y espacios p\u00fablicos de diferentes zonas de la ciudad, utilizando tanto utensilios manuales como minicargadores, dompes y pipas de Servicios P\u00fablicos Municipales, se explic\u00f3.<\/p>\n\n\n\n<p class=\"wp-block-paragraph\">To\u00f1o Astiazar\u00e1n acudi\u00f3 a este encuentro acompa\u00f1ado por Sergio Pavlovich Escalante, director de Servicios P\u00fablicos Municipales; Daniel Garc\u00eda, director de Participaci\u00f3n Ciudadana; Amparo Fontanot, directora de Parques y Jardines y Ram\u00f3n Corral Aguirre, Oficial Mayor del Ayuntamiento.<\/p>\n","protected":false},"excerpt":{"rendered":"<p>&#8211; Acompa\u00f1\u00f3 el primero de estos despliegues en los camellones y laterales del bulevar Quintero Arce, en la zona de Villa Bonita \u201cYo solamente vengo a decirles, gracias, muchas gracias, por hacer de nuestra ciudad una ciudad m\u00e1s limpia de la que todos nos podamos sentir muy orgullosos\u201d, expres\u00f3 Antonio Astiazar\u00e1n Guti\u00e9rrez al personal de&#8230;<\/p>\n","protected":false},"author":2,"featured_media":68907,"comment_status":"closed","ping_status":"closed","sticky":false,"template":"","format":"standard","meta":{"_crdt_document":"","_exactmetrics_skip_tracking":false,"_exactmetrics_sitenote_active":false,"_exactmetrics_sitenote_note":"","_exactmetrics_sitenote_category":0,"footnotes":""},"categories":[36,26,31,27,69],"tags":[74],"class_list":["post-68906","post","type-post","status-publish","format-standard","has-post-thumbnail","hentry","category-economia","category-local","category-politica","category-sonora","category-ultimas-noticias","tag-hermosillo"],"_links":{"self":[{"href":"https:\/\/elpajaritonews.com\/index.php?rest_route=\/wp\/v2\/posts\/68906","targetHints":{"allow":["GET"]}}],"collection":[{"href":"https:\/\/elpajaritonews.com\/index.php?rest_route=\/wp\/v2\/posts"}],"about":[{"href":"https:\/\/elpajaritonews.com\/index.php?rest_route=\/wp\/v2\/types\/post"}],"author":[{"embeddable":true,"href":"https:\/\/elpajaritonews.com\/index.php?rest_route=\/wp\/v2\/users\/2"}],"replies":[{"embeddable":true,"href":"https:\/\/elpajaritonews.com\/index.php?rest_route=%2Fwp%2Fv2%2Fcomments&post=68906"}],"version-history":[{"count":1,"href":"https:\/\/elpajaritonews.com\/index.php?rest_route=\/wp\/v2\/posts\/68906\/revisions"}],"predecessor-version":[{"id":68908,"href":"https:\/\/elpajaritonews.com\/index.php?rest_route=\/wp\/v2\/posts\/68906\/revisions\/68908"}],"wp:featuredmedia":[{"embeddable":true,"href":"https:\/\/elpajaritonews.com\/index.php?rest_route=\/wp\/v2\/media\/68907"}],"wp:attachment":[{"href":"https:\/\/elpajaritonews.com\/index.php?rest_route=%2Fwp%2Fv2%2Fmedia&parent=68906"}],"wp:term":[{"taxonomy":"category","embeddable":true,"href":"https:\/\/elpajaritonews.com\/index.php?rest_route=%2Fwp%2Fv2%2Fcategories&post=68906"},{"taxonomy":"post_tag","embeddable":true,"href":"https:\/\/elpajaritonews.com\/index.php?rest_route=%2Fwp%2Fv2%2Ftags&post=68906"}],"curies":[{"name":"wp","href":"https:\/\/api.w.org\/{rel}","templated":true}]}}