{"id":69045,"date":"2025-12-05T14:33:38","date_gmt":"2025-12-05T21:33:38","guid":{"rendered":"https:\/\/elpajaritonews.com\/?p=69045"},"modified":"2025-12-05T14:33:39","modified_gmt":"2025-12-05T21:33:39","slug":"sheinbaum-informa-que-mexico-eu-y-canada-acordaron-trabajar-juntos-en-temas-comerciales","status":"publish","type":"post","link":"https:\/\/elpajaritonews.com\/?p=69045","title":{"rendered":"SHEINBAUM INFORMA QUE M\u00c9XICO, EU Y CANAD\u00c1 ACORDARON TRABAJAR JUNTOS EN TEMAS COMERCIALES"},"content":{"rendered":"\n<p class=\"wp-block-paragraph\">La presidenta Claudia Sheinbaum public\u00f3 un mensaje en su red social X, tras reunirse con sus hom\u00f3logos de Estados Unidos, Donald Trump, de Canad\u00e1, Mark Carney.<\/p>\n\n\n\n<p class=\"wp-block-paragraph\">\u00abEn Washington, tuvimos una excelente reuni\u00f3n con el presidente de los Estados Unidos, Donald Trump, y con el primer ministro de Canad\u00e1, Mark Carney; hablamos de la gran oportunidad que representa la Copa Mundial de F\u00fatbol 2026 para los tres pa\u00edses y de la buena relaci\u00f3n que tenemos. Acordamos seguir trabajando juntos para temas comerciales con nuestros equipos\u00bb, expuso.<\/p>\n\n\n\n<figure class=\"wp-block-embed is-type-rich is-provider-twitter wp-block-embed-twitter\"><div class=\"wp-block-embed__wrapper\">\n<blockquote class=\"twitter-tweet\" data-width=\"550\" data-dnt=\"true\"><p lang=\"es\" dir=\"ltr\">En Washington, tuvimos una excelente reuni\u00f3n con el presidente de los Estados Unidos, Donald Trump, y con el primer ministro de Canad\u00e1, Mark Carney; hablamos de la gran oportunidad que representa la Copa Mundial de F\u00fatbol 2026 para los tres pa\u00edses y de la buena relaci\u00f3n que\u2026 <a href=\"https:\/\/t.co\/2FECeFpBVp\">pic.twitter.com\/2FECeFpBVp<\/a><\/p>&mdash; Claudia Sheinbaum Pardo (@Claudiashein) <a href=\"https:\/\/twitter.com\/Claudiashein\/status\/1997051798406787377?ref_src=twsrc%5Etfw\">December 5, 2025<\/a><\/blockquote><script async src=\"https:\/\/platform.twitter.com\/widgets.js\" charset=\"utf-8\"><\/script>\n<\/div><\/figure>\n\n\n\n<p class=\"wp-block-paragraph\">En el marco de la celebraci\u00f3n del sorteo de la Copa del Mundo del F\u00fatbol que por primera vez en la historia ser\u00e1 organizada por tres pa\u00edses, los presidentes de M\u00e9xico, Claudia Sheinbaum y Estados Unidos, Donald Trump, as\u00ed como el primer ministro de Canad\u00e1, est\u00e1n reunidos en un sal\u00f3n habilitado en el Kennedy Center donde se realiz\u00f3 la ceremonia de la Federaci\u00f3n Internacional de F\u00fatbol Asociaci\u00f3n.<\/p>\n\n\n\n<p class=\"wp-block-paragraph\">Unidos por haber sido co organizadores de esta justa mundial deportiva, la m\u00e1s grande en la historia del f\u00fatbol, el encuentro se da en medio de las diferencias que ha habido en torno al Tratado Comercial de Am\u00e9rica del Norte, motivado por un viraje en la pol\u00edtica arancelaria dictada por Trump, quien apenas hace unos d\u00edas sugiri\u00f3 que podr\u00eda dejar extinguir este acuerdo, en una m\u00e1s de sus maniobras para presionar las negociaciones.<\/p>\n\n\n\n<p class=\"wp-block-paragraph\">Los tres mandatarios se mostraron sonrientes durante la ceremonia del sorteo donde cada uno de ellos extrajo la pelota que le correspond\u00eda a su pa\u00eds para sellar su destino en el mundial de f\u00fatbol que se inaugurar\u00e1 el pr\u00f3ximo mes de junio en el Estadio Azteca.<\/p>\n\n\n\n<p class=\"wp-block-paragraph\">Poco despu\u00e9s de su participaci\u00f3n en la ceremonia, camino a sus lugares que ocupaban en el Kennedy Center, Trump salud\u00f3 amablemente a la mandataria mexicana. Mientras tanto las delegaciones terminaban de afinar el encuentro trilateral, donde se espera que el futuro de las relaciones comerciales en Am\u00e9rica del Norte ser\u00e1 el tema central.<\/p>\n\n\n\n<p class=\"wp-block-paragraph\">Se espera que la reuni\u00f3n no se prolongue demasiado debido a la apretada agenda del Jefe de la Casa Blanca de quien se sabe que debe firmar algunas iniciativas importantes.<\/p>\n\n\n\n<p class=\"wp-block-paragraph\">Esta reuni\u00f3n en la que por primera vez se re\u00fanen los tres l\u00edderes de Am\u00e9rica del Norte, se da despu\u00e9s de que se frustrase esta posibilidad en el marco de la reuni\u00f3n del G-7, donde participan las grandes potencias econ\u00f3micas del mundo a la cual fue invitada Sheinbaum. Sin embargo, en aquella ocasi\u00f3n, debido a las fuertes tensiones que se registraban entre Israel e Ir\u00e1n.<\/p>\n\n\n\n<p class=\"wp-block-paragraph\">Previamente, a su llegada al Kennedy Center, Trump adelant\u00f3: \u201cnos vamos a reunir con ambos, y Nos llevamos muy bien \u00bfsaben? Nos llevamos muy bien. Creo que tenemos una reuni\u00f3n programada para alg\u00fan momento despu\u00e9s de la ceremonia. Discutiremos el comercio.<\/p>\n\n\n\n<p class=\"wp-block-paragraph\">En entrevista con canal 7, Donald Trump resalt\u00f3 la presencia de la presidenta Claudia Sheinbaum en el sorteo mundialista, asegurando que la mandataria es una buena mujer que hace un gran trabajo y que es gracias a su desempe\u00f1o, junto con el de Canad\u00e1, que Estados Unidos est\u00e1 estableciendo todos los r\u00e9cords, uno de ellos el de la venta de boletos para el torneo de futbol.<\/p>\n\n\n\n<p class=\"wp-block-paragraph\">\u00abRapid Response 47\u00bb, cuenta afiliada a la Casa Blanca, public\u00f3 un video y un texto donde mencionan al presidente de los Estados Unidos, Donald Trump, conversando con la presidenta de M\u00e9xico, Claudia Sheinbaum y el Primer Ministro canadiense Mark Carney durante el sorteo del Mundial 2026.<\/p>\n\n\n\n<figure class=\"wp-block-embed is-type-rich is-provider-twitter wp-block-embed-twitter\"><div class=\"wp-block-embed__wrapper\">\n<blockquote class=\"twitter-tweet\" data-width=\"550\" data-dnt=\"true\"><p lang=\"es\" dir=\"ltr\">Captan a <a href=\"https:\/\/twitter.com\/realDonaldTrump?ref_src=twsrc%5Etfw\">@realDonaldTrump<\/a>  hablando con <a href=\"https:\/\/twitter.com\/Claudiashein?ref_src=twsrc%5Etfw\">@Claudiashein<\/a>  y <a href=\"https:\/\/twitter.com\/MarkJCarney?ref_src=twsrc%5Etfw\">@MarkJCarney<\/a>  en un palco especial del Centro Kennedy mientras se realiza el sorteo del <a href=\"https:\/\/twitter.com\/hashtag\/Mundial2026?src=hash&amp;ref_src=twsrc%5Etfw\">#Mundial2026<\/a> en <a href=\"https:\/\/twitter.com\/hashtag\/Washington?src=hash&amp;ref_src=twsrc%5Etfw\">#Washington<\/a>. <a href=\"https:\/\/t.co\/QVZMQFtgwA\">pic.twitter.com\/QVZMQFtgwA<\/a><\/p>&mdash; PajaritoNews (@elpajaritonews) <a href=\"https:\/\/twitter.com\/elpajaritonews\/status\/1997034864177271112?ref_src=twsrc%5Etfw\">December 5, 2025<\/a><\/blockquote><script async src=\"https:\/\/platform.twitter.com\/widgets.js\" charset=\"utf-8\"><\/script>\n<\/div><\/figure>\n","protected":false},"excerpt":{"rendered":"<p>La presidenta Claudia Sheinbaum public\u00f3 un mensaje en su red social X, tras reunirse con sus hom\u00f3logos de Estados Unidos, Donald Trump, de Canad\u00e1, Mark Carney. \u00abEn Washington, tuvimos una excelente reuni\u00f3n con el presidente de los Estados Unidos, Donald Trump, y con el primer ministro de Canad\u00e1, Mark Carney; hablamos de la gran oportunidad&#8230;<\/p>\n","protected":false},"author":2,"featured_media":69046,"comment_status":"closed","ping_status":"closed","sticky":false,"template":"","format":"standard","meta":{"_crdt_document":"","_exactmetrics_skip_tracking":false,"_exactmetrics_sitenote_active":false,"_exactmetrics_sitenote_note":"","_exactmetrics_sitenote_category":0,"footnotes":""},"categories":[17,36,89,23,38,31,1,27,69,65],"tags":[353,72,86,87,253,28],"class_list":["post-69045","post","type-post","status-publish","format-standard","has-post-thumbnail","hentry","category-arizona","category-economia","category-estados-unidos","category-mexico","category-migracion","category-politica","category-seguridad","category-sonora","category-ultimas-noticias","category-videos","tag-canada-3","tag-claudia-sheinbaum","tag-donald-trump","tag-estados-unidos","tag-mark-carney","tag-nogales"],"_links":{"self":[{"href":"https:\/\/elpajaritonews.com\/index.php?rest_route=\/wp\/v2\/posts\/69045","targetHints":{"allow":["GET"]}}],"collection":[{"href":"https:\/\/elpajaritonews.com\/index.php?rest_route=\/wp\/v2\/posts"}],"about":[{"href":"https:\/\/elpajaritonews.com\/index.php?rest_route=\/wp\/v2\/types\/post"}],"author":[{"embeddable":true,"href":"https:\/\/elpajaritonews.com\/index.php?rest_route=\/wp\/v2\/users\/2"}],"replies":[{"embeddable":true,"href":"https:\/\/elpajaritonews.com\/index.php?rest_route=%2Fwp%2Fv2%2Fcomments&post=69045"}],"version-history":[{"count":1,"href":"https:\/\/elpajaritonews.com\/index.php?rest_route=\/wp\/v2\/posts\/69045\/revisions"}],"predecessor-version":[{"id":69047,"href":"https:\/\/elpajaritonews.com\/index.php?rest_route=\/wp\/v2\/posts\/69045\/revisions\/69047"}],"wp:featuredmedia":[{"embeddable":true,"href":"https:\/\/elpajaritonews.com\/index.php?rest_route=\/wp\/v2\/media\/69046"}],"wp:attachment":[{"href":"https:\/\/elpajaritonews.com\/index.php?rest_route=%2Fwp%2Fv2%2Fmedia&parent=69045"}],"wp:term":[{"taxonomy":"category","embeddable":true,"href":"https:\/\/elpajaritonews.com\/index.php?rest_route=%2Fwp%2Fv2%2Fcategories&post=69045"},{"taxonomy":"post_tag","embeddable":true,"href":"https:\/\/elpajaritonews.com\/index.php?rest_route=%2Fwp%2Fv2%2Ftags&post=69045"}],"curies":[{"name":"wp","href":"https:\/\/api.w.org\/{rel}","templated":true}]}}