{"id":69085,"date":"2025-12-09T11:14:54","date_gmt":"2025-12-09T18:14:54","guid":{"rendered":"https:\/\/elpajaritonews.com\/?p=69085"},"modified":"2025-12-09T11:14:56","modified_gmt":"2025-12-09T18:14:56","slug":"recibe-congreso-de-sonora-planteamientos-de-organizaciones-civiles-de-personas-en-situacion-de-discapacidad","status":"publish","type":"post","link":"https:\/\/elpajaritonews.com\/?p=69085","title":{"rendered":"RECIBE CONGRESO DE SONORA PLANTEAMIENTOS DE ORGANIZACIONES CIVILES DE PERSONAS EN SITUACI\u00d3N DE DISCAPACIDAD"},"content":{"rendered":"\n<p class=\"wp-block-paragraph\">Diputadas y diputados del Congreso del Estado recibieron este domingo a participantes de la caminata por los derechos de las personas con discapacidad, quienes acudieron al recinto legislativo para compartir inquietudes y necesidades relacionadas con este sector.<\/p>\n\n\n\n<p class=\"wp-block-paragraph\">La diputada presidenta Mar\u00eda Eduwiges Espinoza Tapia (Morena), Jazm\u00edn G\u00f3mez Lizarraga (PT), Julio C\u00e9sar Navarro Contreras (Morena) y Omar Del Valle Colosio (PVEM), sostuvieron un di\u00e1logo con las y los asistentes, con el objetivo de escuchar de primera mano los retos que enfrentan.<\/p>\n\n\n\n<p class=\"wp-block-paragraph\">Las personas presentes expusieron diversos planteamientos orientados a asegurar el ejercicio de los derechos de las personas con discapacidad, as\u00ed como la necesidad de fortalecer pol\u00edticas p\u00fablicas y mecanismos que mejoren su calidad de vida.<\/p>\n\n\n\n<p class=\"wp-block-paragraph\">Las y los legisladores reiteraron su compromiso de continuar impulsando reformas y acciones que promuevan la inclusi\u00f3n, el respeto y el bienestar de este sector de la poblaci\u00f3n.<\/p>\n","protected":false},"excerpt":{"rendered":"<p>Diputadas y diputados del Congreso del Estado recibieron este domingo a participantes de la caminata por los derechos de las personas con discapacidad, quienes acudieron al recinto legislativo para compartir inquietudes y necesidades relacionadas con este sector. La diputada presidenta Mar\u00eda Eduwiges Espinoza Tapia (Morena), Jazm\u00edn G\u00f3mez Lizarraga (PT), Julio C\u00e9sar Navarro Contreras (Morena) y&#8230;<\/p>\n","protected":false},"author":2,"featured_media":69086,"comment_status":"closed","ping_status":"closed","sticky":false,"template":"","format":"standard","meta":{"_crdt_document":"","_exactmetrics_skip_tracking":false,"_exactmetrics_sitenote_active":false,"_exactmetrics_sitenote_note":"","_exactmetrics_sitenote_category":0,"footnotes":""},"categories":[20,26,27,69],"tags":[73],"class_list":["post-69085","post","type-post","status-publish","format-standard","has-post-thumbnail","hentry","category-congreso","category-local","category-sonora","category-ultimas-noticias","tag-congreso-del-estado-de-sonora"],"_links":{"self":[{"href":"https:\/\/elpajaritonews.com\/index.php?rest_route=\/wp\/v2\/posts\/69085","targetHints":{"allow":["GET"]}}],"collection":[{"href":"https:\/\/elpajaritonews.com\/index.php?rest_route=\/wp\/v2\/posts"}],"about":[{"href":"https:\/\/elpajaritonews.com\/index.php?rest_route=\/wp\/v2\/types\/post"}],"author":[{"embeddable":true,"href":"https:\/\/elpajaritonews.com\/index.php?rest_route=\/wp\/v2\/users\/2"}],"replies":[{"embeddable":true,"href":"https:\/\/elpajaritonews.com\/index.php?rest_route=%2Fwp%2Fv2%2Fcomments&post=69085"}],"version-history":[{"count":1,"href":"https:\/\/elpajaritonews.com\/index.php?rest_route=\/wp\/v2\/posts\/69085\/revisions"}],"predecessor-version":[{"id":69087,"href":"https:\/\/elpajaritonews.com\/index.php?rest_route=\/wp\/v2\/posts\/69085\/revisions\/69087"}],"wp:featuredmedia":[{"embeddable":true,"href":"https:\/\/elpajaritonews.com\/index.php?rest_route=\/wp\/v2\/media\/69086"}],"wp:attachment":[{"href":"https:\/\/elpajaritonews.com\/index.php?rest_route=%2Fwp%2Fv2%2Fmedia&parent=69085"}],"wp:term":[{"taxonomy":"category","embeddable":true,"href":"https:\/\/elpajaritonews.com\/index.php?rest_route=%2Fwp%2Fv2%2Fcategories&post=69085"},{"taxonomy":"post_tag","embeddable":true,"href":"https:\/\/elpajaritonews.com\/index.php?rest_route=%2Fwp%2Fv2%2Ftags&post=69085"}],"curies":[{"name":"wp","href":"https:\/\/api.w.org\/{rel}","templated":true}]}}