{"id":69113,"date":"2025-12-11T10:13:05","date_gmt":"2025-12-11T17:13:05","guid":{"rendered":"https:\/\/elpajaritonews.com\/?p=69113"},"modified":"2025-12-11T10:13:07","modified_gmt":"2025-12-11T17:13:07","slug":"avalan-modificacion-a-la-tabla-de-valores-del-municipio-de-banamichi","status":"publish","type":"post","link":"https:\/\/elpajaritonews.com\/?p=69113","title":{"rendered":"AVALAN MODIFICACI\u00d3N A LA TABLA DE VALORES DEL MUNICIPIO DE BAN\u00c1MICHI"},"content":{"rendered":"\n<p class=\"wp-block-paragraph\">Hermosillo, Sonora; 10 de diciembre de 2025.- La Comisi\u00f3n de Presupuestos y Asuntos Municipales del Congreso del Estado aprob\u00f3, por unanimidad, la modificaci\u00f3n a la Tabla de Valores de Uso de Suelo Industrial Minero, y de las Tablas de Valores Unitarios de Suelo y Construcci\u00f3n del municipio de Ban\u00e1michi, para el ejercicio fiscal 2026.<\/p>\n\n\n\n<figure class=\"wp-block-embed is-type-video is-provider-youtube wp-block-embed-youtube wp-embed-aspect-16-9 wp-has-aspect-ratio\"><div class=\"wp-block-embed__wrapper\">\n<iframe loading=\"lazy\" title=\"9 de Diciembre 2025 - Comisi\u00f3n de Presupuestos y Asuntos Municipales\" width=\"640\" height=\"360\" src=\"https:\/\/www.youtube.com\/embed\/10G4qAqc0vE?feature=oembed\" frameborder=\"0\" allow=\"accelerometer; autoplay; clipboard-write; encrypted-media; gyroscope; picture-in-picture; web-share\" referrerpolicy=\"strict-origin-when-cross-origin\" allowfullscreen><\/iframe>\n<\/div><\/figure>\n\n\n\n<p class=\"wp-block-paragraph\">La diputada Rebeca Silva Gallardo (NAS), presidenta del \u00f3rgano colegiado, someti\u00f3 a consideraci\u00f3n el dictamen, acompa\u00f1ada de la diputada Gabriela F\u00e9lix Boj\u00f3rquez (MC) y de los diputados H\u00e9ctor Castelo Monta\u00f1o (Morena), Emeterio Ochoa Baz\u00faa (PRI), David Figueroa Ortega (PVEM) y Norberto Barraza Almaz\u00e1n (PES).<\/p>\n\n\n\n<p class=\"wp-block-paragraph\">Durante la reuni\u00f3n, Jos\u00e9 Serrano Ibarra, s\u00edndico del Ayuntamiento, expuso que en el municipio opera una minera cuya actividad no ha sido considerada adecuadamente en la tabla de valores y que, adem\u00e1s, mantiene incumplimientos fiscales.&nbsp;<\/p>\n\n\n\n<p class=\"wp-block-paragraph\">Las y los integrantes de la comisi\u00f3n destacaron la importancia de que los ayuntamientos cuenten con herramientas jur\u00eddicas claras y actualizadas para determinar oportunamente el monto de las contribuciones que aplicar\u00e1n durante el ejercicio fiscal 2026.<\/p>\n\n\n\n<figure class=\"wp-block-embed is-type-video is-provider-youtube wp-block-embed-youtube wp-embed-aspect-16-9 wp-has-aspect-ratio\"><div class=\"wp-block-embed__wrapper\">\n<iframe loading=\"lazy\" title=\"9 de Diciembre 2025 - Comisi\u00f3n de Derechos de la Ni\u00f1ez, la Adolescencia y la Juventud\" width=\"640\" height=\"360\" src=\"https:\/\/www.youtube.com\/embed\/c2XvPQoh8Jo?feature=oembed\" frameborder=\"0\" allow=\"accelerometer; autoplay; clipboard-write; encrypted-media; gyroscope; picture-in-picture; web-share\" referrerpolicy=\"strict-origin-when-cross-origin\" allowfullscreen><\/iframe>\n<\/div><\/figure>\n\n\n\n<p class=\"wp-block-paragraph\">DICTAMINAN INICIATIVAS PARA FORTALECER EL PARLAMENTO JUVENIL<\/p>\n\n\n\n<p class=\"wp-block-paragraph\">Con el prop\u00f3sito de fortalecer la figura del Parlamento Juvenil, la Comisi\u00f3n de la Ni\u00f1ez, Adolescencia y Juventud aprob\u00f3 de manera un\u00e1nime reformas a la Ley Org\u00e1nica del Poder Legislativo.<\/p>\n\n\n\n<p class=\"wp-block-paragraph\">La diputada Deni Gastelum Barreas (Morena) explic\u00f3 que las modificaciones tienen como finalidad impulsar la participaci\u00f3n de las y los j\u00f3venes en la agenda legislativa del estado.<\/p>\n\n\n\n<p class=\"wp-block-paragraph\">Las iniciativas plantean incorporar a j\u00f3venes trabajadores al Parlamento Juvenil, con el objetivo de garantizar su inclusi\u00f3n y ampliar las oportunidades para que la juventud sonorense se involucre en este ejercicio c\u00edvico mediante mecanismos m\u00e1s accesibles y abiertos.<\/p>\n\n\n\n<p class=\"wp-block-paragraph\">Ambas propuestas fueron enriquecidas a trav\u00e9s de ejercicios de parlamento abierto realizados en los municipios de Hermosillo y Cajeme, donde se recibieron comentarios y aportaciones que permitieron fortalecer el contenido de las reformas.<\/p>\n\n\n\n<p class=\"wp-block-paragraph\">Estuvieron presentes las diputadas Jazm\u00edn G\u00f3mez Liz\u00e1rraga (PT), Alicia Gaytan S\u00e1nchez (Morena), Gabriela F\u00e9lix Boj\u00f3rquez (MC) y los diputados Ra\u00fal Gonz\u00e1lez de la Vega (PVEM) y Julio Navarro Contreras (Morena).<\/p>\n\n\n\n<p class=\"wp-block-paragraph\">Los dict\u00e1menes aprobados ser\u00e1n enviados a la Comisi\u00f3n de R\u00e9gimen Interno y Concertaci\u00f3n Pol\u00edtica (Cricp) para ser incluidos en el orden del d\u00eda de una pr\u00f3xima sesi\u00f3n.<\/p>\n","protected":false},"excerpt":{"rendered":"<p>Hermosillo, Sonora; 10 de diciembre de 2025.- La Comisi\u00f3n de Presupuestos y Asuntos Municipales del Congreso del Estado aprob\u00f3, por unanimidad, la modificaci\u00f3n a la Tabla de Valores de Uso de Suelo Industrial Minero, y de las Tablas de Valores Unitarios de Suelo y Construcci\u00f3n del municipio de Ban\u00e1michi, para el ejercicio fiscal 2026. La&#8230;<\/p>\n","protected":false},"author":2,"featured_media":69114,"comment_status":"closed","ping_status":"closed","sticky":false,"template":"","format":"standard","meta":{"_crdt_document":"","_exactmetrics_skip_tracking":false,"_exactmetrics_sitenote_active":false,"_exactmetrics_sitenote_note":"","_exactmetrics_sitenote_category":0,"footnotes":""},"categories":[20,26,31,69],"tags":[73],"class_list":["post-69113","post","type-post","status-publish","format-standard","has-post-thumbnail","hentry","category-congreso","category-local","category-politica","category-ultimas-noticias","tag-congreso-del-estado-de-sonora"],"_links":{"self":[{"href":"https:\/\/elpajaritonews.com\/index.php?rest_route=\/wp\/v2\/posts\/69113","targetHints":{"allow":["GET"]}}],"collection":[{"href":"https:\/\/elpajaritonews.com\/index.php?rest_route=\/wp\/v2\/posts"}],"about":[{"href":"https:\/\/elpajaritonews.com\/index.php?rest_route=\/wp\/v2\/types\/post"}],"author":[{"embeddable":true,"href":"https:\/\/elpajaritonews.com\/index.php?rest_route=\/wp\/v2\/users\/2"}],"replies":[{"embeddable":true,"href":"https:\/\/elpajaritonews.com\/index.php?rest_route=%2Fwp%2Fv2%2Fcomments&post=69113"}],"version-history":[{"count":1,"href":"https:\/\/elpajaritonews.com\/index.php?rest_route=\/wp\/v2\/posts\/69113\/revisions"}],"predecessor-version":[{"id":69115,"href":"https:\/\/elpajaritonews.com\/index.php?rest_route=\/wp\/v2\/posts\/69113\/revisions\/69115"}],"wp:featuredmedia":[{"embeddable":true,"href":"https:\/\/elpajaritonews.com\/index.php?rest_route=\/wp\/v2\/media\/69114"}],"wp:attachment":[{"href":"https:\/\/elpajaritonews.com\/index.php?rest_route=%2Fwp%2Fv2%2Fmedia&parent=69113"}],"wp:term":[{"taxonomy":"category","embeddable":true,"href":"https:\/\/elpajaritonews.com\/index.php?rest_route=%2Fwp%2Fv2%2Fcategories&post=69113"},{"taxonomy":"post_tag","embeddable":true,"href":"https:\/\/elpajaritonews.com\/index.php?rest_route=%2Fwp%2Fv2%2Ftags&post=69113"}],"curies":[{"name":"wp","href":"https:\/\/api.w.org\/{rel}","templated":true}]}}