{"id":69116,"date":"2025-12-11T10:54:01","date_gmt":"2025-12-11T17:54:01","guid":{"rendered":"https:\/\/elpajaritonews.com\/?p=69116"},"modified":"2025-12-11T10:54:03","modified_gmt":"2025-12-11T17:54:03","slug":"realiza-isea-encuentro-estatal-retos-del-rezago-educativo-un-camino-hacia-el-bienestar-social","status":"publish","type":"post","link":"https:\/\/elpajaritonews.com\/?p=69116","title":{"rendered":"REALIZA ISEA ENCUENTRO ESTATAL \u201cRETOS DEL REZAGO EDUCATIVO: UN CAMINO HACIA EL BIENESTAR SOCIAL\u201d"},"content":{"rendered":"\n<p class=\"wp-block-paragraph\">En un esfuerzo permanente por fortalecer la capacitaci\u00f3n, formaci\u00f3n, actualizaci\u00f3n e intercambio de experiencias, el Instituto Sonorense de Educaci\u00f3n para los Adultos (ISEA) organiz\u00f3 el Segundo Encuentro Estatal \u201cRetos del Rezago Educativo: Un camino hacia el bienestar social\u201d, dirigido al personal del organismo.<\/p>\n\n\n\n<p class=\"wp-block-paragraph\">Con la participaci\u00f3n de Gerardo Molina \u00c1lvarez, director de Prospectiva, Acreditaci\u00f3n y Evaluaci\u00f3n del Instituto Nacional de Educaci\u00f3n para los Adultos (INEA), se reuni\u00f3 a t\u00e9cnicas y t\u00e9cnicos docentes, coordinadoras y coordinadores de zona, as\u00ed como a personal de la administraci\u00f3n central.<\/p>\n\n\n\n<p class=\"wp-block-paragraph\">La directora general del ISEA, Mar\u00eda Engracia Carrazco Valenzuela, subray\u00f3 la importancia de esta actividad, ya que impacta directamente en la mejora de los procesos de trabajo de la vida institucional y de quienes participan cotidianamente en las diferentes \u00e1reas que conforman la estructura operativa del Instituto.<\/p>\n\n\n\n<p class=\"wp-block-paragraph\">El evento, detall\u00f3, permite abrir espacios para la reflexi\u00f3n, discusi\u00f3n y an\u00e1lisis, dimensionar el contexto del rezago educativo en Sonora y en M\u00e9xico, adem\u00e1s de contextualizar el analfabetismo como problema social y situar las condiciones determinantes que lo originan, para as\u00ed fortalecer los procesos de car\u00e1cter operativo mediante la redefinici\u00f3n de acciones institucionales.<\/p>\n\n\n\n<p class=\"wp-block-paragraph\">Durante el encuentro se retomaron temas como: Caracter\u00edsticas del Rezago Educativo y su relaci\u00f3n con la pobreza como una pol\u00edtica p\u00fablica para reducirlo; \u00c9tica institucional y su impacto en el ISEA; y Las Plazas Comunitarias: Condiciones para su buen funcionamiento, entre otros.<\/p>\n","protected":false},"excerpt":{"rendered":"<p>En un esfuerzo permanente por fortalecer la capacitaci\u00f3n, formaci\u00f3n, actualizaci\u00f3n e intercambio de experiencias, el Instituto Sonorense de Educaci\u00f3n para los Adultos (ISEA) organiz\u00f3 el Segundo Encuentro Estatal \u201cRetos del Rezago Educativo: Un camino hacia el bienestar social\u201d, dirigido al personal del organismo. Con la participaci\u00f3n de Gerardo Molina \u00c1lvarez, director de Prospectiva, Acreditaci\u00f3n y&#8230;<\/p>\n","protected":false},"author":2,"featured_media":69117,"comment_status":"closed","ping_status":"closed","sticky":false,"template":"","format":"standard","meta":{"_crdt_document":"","_exactmetrics_skip_tracking":false,"_exactmetrics_sitenote_active":false,"_exactmetrics_sitenote_note":"","_exactmetrics_sitenote_category":0,"footnotes":""},"categories":[36,33,26,31,27,69],"tags":[71,74,28,30],"class_list":["post-69116","post","type-post","status-publish","format-standard","has-post-thumbnail","hentry","category-economia","category-educacion","category-local","category-politica","category-sonora","category-ultimas-noticias","tag-alfonso-durazo","tag-hermosillo","tag-nogales","tag-sonora-tierra-de-oportunidades"],"_links":{"self":[{"href":"https:\/\/elpajaritonews.com\/index.php?rest_route=\/wp\/v2\/posts\/69116","targetHints":{"allow":["GET"]}}],"collection":[{"href":"https:\/\/elpajaritonews.com\/index.php?rest_route=\/wp\/v2\/posts"}],"about":[{"href":"https:\/\/elpajaritonews.com\/index.php?rest_route=\/wp\/v2\/types\/post"}],"author":[{"embeddable":true,"href":"https:\/\/elpajaritonews.com\/index.php?rest_route=\/wp\/v2\/users\/2"}],"replies":[{"embeddable":true,"href":"https:\/\/elpajaritonews.com\/index.php?rest_route=%2Fwp%2Fv2%2Fcomments&post=69116"}],"version-history":[{"count":1,"href":"https:\/\/elpajaritonews.com\/index.php?rest_route=\/wp\/v2\/posts\/69116\/revisions"}],"predecessor-version":[{"id":69118,"href":"https:\/\/elpajaritonews.com\/index.php?rest_route=\/wp\/v2\/posts\/69116\/revisions\/69118"}],"wp:featuredmedia":[{"embeddable":true,"href":"https:\/\/elpajaritonews.com\/index.php?rest_route=\/wp\/v2\/media\/69117"}],"wp:attachment":[{"href":"https:\/\/elpajaritonews.com\/index.php?rest_route=%2Fwp%2Fv2%2Fmedia&parent=69116"}],"wp:term":[{"taxonomy":"category","embeddable":true,"href":"https:\/\/elpajaritonews.com\/index.php?rest_route=%2Fwp%2Fv2%2Fcategories&post=69116"},{"taxonomy":"post_tag","embeddable":true,"href":"https:\/\/elpajaritonews.com\/index.php?rest_route=%2Fwp%2Fv2%2Ftags&post=69116"}],"curies":[{"name":"wp","href":"https:\/\/api.w.org\/{rel}","templated":true}]}}