{"id":69125,"date":"2025-12-12T12:04:54","date_gmt":"2025-12-12T19:04:54","guid":{"rendered":"https:\/\/elpajaritonews.com\/?p=69125"},"modified":"2025-12-12T12:04:57","modified_gmt":"2025-12-12T19:04:57","slug":"sec-llama-a-madres-y-padres-a-registrar-tallas-de-uniformes-gratuitos-para-el-ciclo-2026-2027","status":"publish","type":"post","link":"https:\/\/elpajaritonews.com\/?p=69125","title":{"rendered":"SEC LLAMA A MADRES Y PADRES A REGISTRAR TALLAS DE UNIFORMES GRATUITOS PARA EL CICLO 2026-2027"},"content":{"rendered":"\n<p class=\"wp-block-paragraph\">La Secretar\u00eda de Educaci\u00f3n y Cultura exhort\u00f3 a madres, padres y tutores a actualizar las tallas de uniformes escolares gratuitos para el ciclo 2026-2027, con el fin de contar con informaci\u00f3n precisa para el proceso de licitaci\u00f3n.<\/p>\n\n\n\n<p class=\"wp-block-paragraph\">El registro estar\u00e1 disponible del 15 de diciembre de 2025 al 15 de enero de 2026 en la plataforma Yoremia, donde deber\u00e1n capturarse las tallas de prendas y calzado, as\u00ed como la informaci\u00f3n b\u00e1sica del alumnado y del tutor responsable. La SEC recomend\u00f3 considerar el crecimiento natural de ni\u00f1as, ni\u00f1os y adolescentes, ya que las prendas ser\u00e1n entregadas antes del inicio del pr\u00f3ximo ciclo escolar.<\/p>\n\n\n\n<p class=\"wp-block-paragraph\">Personal directivo, docente y de apoyo brindar\u00e1 orientaci\u00f3n en los planteles, mientras que la L\u00ednea de la Educaci\u00f3n permanecer\u00e1 disponible para aclarar dudas.<\/p>\n","protected":false},"excerpt":{"rendered":"<p>La Secretar\u00eda de Educaci\u00f3n y Cultura exhort\u00f3 a madres, padres y tutores a actualizar las tallas de uniformes escolares gratuitos para el ciclo 2026-2027, con el fin de contar con informaci\u00f3n precisa para el proceso de licitaci\u00f3n. El registro estar\u00e1 disponible del 15 de diciembre de 2025 al 15 de enero de 2026 en la&#8230;<\/p>\n","protected":false},"author":2,"featured_media":69126,"comment_status":"closed","ping_status":"closed","sticky":false,"template":"","format":"standard","meta":{"_crdt_document":"","_exactmetrics_skip_tracking":false,"_exactmetrics_sitenote_active":false,"_exactmetrics_sitenote_note":"","_exactmetrics_sitenote_category":0,"footnotes":""},"categories":[33,22,26,31,1,27,69],"tags":[71,74,29,30],"class_list":["post-69125","post","type-post","status-publish","format-standard","has-post-thumbnail","hentry","category-educacion","category-escena","category-local","category-politica","category-seguridad","category-sonora","category-ultimas-noticias","tag-alfonso-durazo","tag-hermosillo","tag-nogales-la-gran-frontera","tag-sonora-tierra-de-oportunidades"],"_links":{"self":[{"href":"https:\/\/elpajaritonews.com\/index.php?rest_route=\/wp\/v2\/posts\/69125","targetHints":{"allow":["GET"]}}],"collection":[{"href":"https:\/\/elpajaritonews.com\/index.php?rest_route=\/wp\/v2\/posts"}],"about":[{"href":"https:\/\/elpajaritonews.com\/index.php?rest_route=\/wp\/v2\/types\/post"}],"author":[{"embeddable":true,"href":"https:\/\/elpajaritonews.com\/index.php?rest_route=\/wp\/v2\/users\/2"}],"replies":[{"embeddable":true,"href":"https:\/\/elpajaritonews.com\/index.php?rest_route=%2Fwp%2Fv2%2Fcomments&post=69125"}],"version-history":[{"count":1,"href":"https:\/\/elpajaritonews.com\/index.php?rest_route=\/wp\/v2\/posts\/69125\/revisions"}],"predecessor-version":[{"id":69127,"href":"https:\/\/elpajaritonews.com\/index.php?rest_route=\/wp\/v2\/posts\/69125\/revisions\/69127"}],"wp:featuredmedia":[{"embeddable":true,"href":"https:\/\/elpajaritonews.com\/index.php?rest_route=\/wp\/v2\/media\/69126"}],"wp:attachment":[{"href":"https:\/\/elpajaritonews.com\/index.php?rest_route=%2Fwp%2Fv2%2Fmedia&parent=69125"}],"wp:term":[{"taxonomy":"category","embeddable":true,"href":"https:\/\/elpajaritonews.com\/index.php?rest_route=%2Fwp%2Fv2%2Fcategories&post=69125"},{"taxonomy":"post_tag","embeddable":true,"href":"https:\/\/elpajaritonews.com\/index.php?rest_route=%2Fwp%2Fv2%2Ftags&post=69125"}],"curies":[{"name":"wp","href":"https:\/\/api.w.org\/{rel}","templated":true}]}}