{"id":69131,"date":"2025-12-12T16:20:18","date_gmt":"2025-12-12T23:20:18","guid":{"rendered":"https:\/\/elpajaritonews.com\/?p=69131"},"modified":"2025-12-12T16:20:20","modified_gmt":"2025-12-12T23:20:20","slug":"reconocen-trayectoria-de-servidoras-y-servidores-publicos-municipales","status":"publish","type":"post","link":"https:\/\/elpajaritonews.com\/?p=69131","title":{"rendered":"RECONOCEN TRAYECTORIA DE SERVIDORAS Y SERVIDORES P\u00daBLICOS MUNICIPALES\u00a0"},"content":{"rendered":"\n<p class=\"wp-block-paragraph\">-En esta ocasi\u00f3n la distinci\u00f3n fue para 185 personas que llevan 10, 15, 20, 25, 28 y 35 a\u00f1os laborando en diferentes \u00e1reas del Ayuntamiento de Hermosillo.<\/p>\n\n\n\n<p class=\"wp-block-paragraph\">\u201cSigamos trabajando todos los d\u00edas para sentirnos muy orgullosos de pertenecer a este gran equipo que est\u00e1 rompiendo barreras y que est\u00e1 demostrando que cuando se quiere se puede\u201d, convoc\u00f3 Antonio Astiazar\u00e1n Guti\u00e9rrez en la entrega de reconocimientos empleadas y empleados que cumplieron 10, 15, 20, 25, 28 y 35 a\u00f1os de servicio.<\/p>\n\n\n\n<p class=\"wp-block-paragraph\">El Presidente Municipal de Hermosillo entreg\u00f3 reconocimientos a 185 servidoras y servidores p\u00fablicos, tanto sindicalizados como de confianza.<\/p>\n\n\n\n<p class=\"wp-block-paragraph\">\u201cSon 185 historias de sacrificios, son 185 historias que seguramente tienen mucho que platicarnos y sobre todo sentirnos muy orgullosos de lo que hemos logrado por nuestra ciudad\u201d, expres\u00f3.<\/p>\n\n\n\n<p class=\"wp-block-paragraph\">To\u00f1o Astiazar\u00e1n agradeci\u00f3 a los representantes sindicales presentes en la ceremonia por defender los intereses de los trabajadores, e hizo notar que el esfuerzo diario de las empleadas y empleados de confianza es igualmente importante para la ciudad.<\/p>\n\n\n\n<p class=\"wp-block-paragraph\">Para el polic\u00eda municipal Ram\u00f3n Coronado Lugo, con 35 a\u00f1os de servicio en la corporaci\u00f3n, los 4 que ha gobernado Antonio Astiazar\u00e1n han sido muy positivos. \u201cHemos tenido mucho apoyo del alcalde, tanto como del comisario tambi\u00e9n\u201d, sostuvo el agente comisionado en San Pedro El Saucito.<\/p>\n\n\n\n<p class=\"wp-block-paragraph\">Por su parte, Ernesto Alonso L\u00f3pez, con 30 a\u00f1os en el \u00e1rea de Seguridad P\u00fablica, coincidi\u00f3 en que cuentan con m\u00e1s apoyos y mejor equipamiento por parte del Presidente Municipal y los mandos de la corporaci\u00f3n, a la vez que invit\u00f3 a las y los j\u00f3venes con inter\u00e9s en una carrera policial a que se animen a ingresar.<\/p>\n\n\n\n<p class=\"wp-block-paragraph\">\u201cAhora es m\u00e1s tipo profesional la polic\u00eda, hay carreras de estudio que son llevadas a Seguridad P\u00fablica y que pueden ellos desempe\u00f1ar para hacer una buena labor en beneficio de los ciudadanos\u201d, coment\u00f3.<\/p>\n\n\n\n<p class=\"wp-block-paragraph\">En los 28 a\u00f1os que lleva laborando para el Ayuntamiento de Hermosillo desde diferentes \u00e1reas, Ana Luisa \u00c1lvarez T\u00e1nori se declara muy contenta por lo que ha aprendido en cada una y por el buen trato en su centro de trabajo actual, Seguridad P\u00fablica.&nbsp;<\/p>\n\n\n\n<p class=\"wp-block-paragraph\">\u201cMucho beneficio, muchas patrullas que son en beneficio de las colonias y la seguridad, ahorita con las certificaciones los compa\u00f1eros tienen muchas oportunidades porque se est\u00e1n capacitando, aprendiendo, aplicando los protocolos, todo muy bien\u201d, afirm\u00f3.<\/p>\n\n\n\n<p class=\"wp-block-paragraph\">Lo acompa\u00f1aron presidiendo esta ceremonia Eduardo Acu\u00f1a Padilla, Secretario del Ayuntamiento; Ram\u00f3n Corral Aguirre, Oficial Mayor del Ayuntamiento, Jos\u00e9 Armando Rodr\u00edguez Borb\u00f3n, director de Recursos Humanos, el regidor On\u00e9simo Aguilera y Laura Elena Garc\u00eda Zendejas, representante de quienes fueron festejados.<\/p>\n","protected":false},"excerpt":{"rendered":"<p>-En esta ocasi\u00f3n la distinci\u00f3n fue para 185 personas que llevan 10, 15, 20, 25, 28 y 35 a\u00f1os laborando en diferentes \u00e1reas del Ayuntamiento de Hermosillo. \u201cSigamos trabajando todos los d\u00edas para sentirnos muy orgullosos de pertenecer a este gran equipo que est\u00e1 rompiendo barreras y que est\u00e1 demostrando que cuando se quiere se&#8230;<\/p>\n","protected":false},"author":2,"featured_media":69132,"comment_status":"closed","ping_status":"closed","sticky":false,"template":"","format":"standard","meta":{"_crdt_document":"","_exactmetrics_skip_tracking":false,"_exactmetrics_sitenote_active":false,"_exactmetrics_sitenote_note":"","_exactmetrics_sitenote_category":0,"footnotes":""},"categories":[36,26,31,27,70],"tags":[74],"class_list":["post-69131","post","type-post","status-publish","format-standard","has-post-thumbnail","hentry","category-economia","category-local","category-politica","category-sonora","category-ultimas-noticia","tag-hermosillo"],"_links":{"self":[{"href":"https:\/\/elpajaritonews.com\/index.php?rest_route=\/wp\/v2\/posts\/69131","targetHints":{"allow":["GET"]}}],"collection":[{"href":"https:\/\/elpajaritonews.com\/index.php?rest_route=\/wp\/v2\/posts"}],"about":[{"href":"https:\/\/elpajaritonews.com\/index.php?rest_route=\/wp\/v2\/types\/post"}],"author":[{"embeddable":true,"href":"https:\/\/elpajaritonews.com\/index.php?rest_route=\/wp\/v2\/users\/2"}],"replies":[{"embeddable":true,"href":"https:\/\/elpajaritonews.com\/index.php?rest_route=%2Fwp%2Fv2%2Fcomments&post=69131"}],"version-history":[{"count":1,"href":"https:\/\/elpajaritonews.com\/index.php?rest_route=\/wp\/v2\/posts\/69131\/revisions"}],"predecessor-version":[{"id":69133,"href":"https:\/\/elpajaritonews.com\/index.php?rest_route=\/wp\/v2\/posts\/69131\/revisions\/69133"}],"wp:featuredmedia":[{"embeddable":true,"href":"https:\/\/elpajaritonews.com\/index.php?rest_route=\/wp\/v2\/media\/69132"}],"wp:attachment":[{"href":"https:\/\/elpajaritonews.com\/index.php?rest_route=%2Fwp%2Fv2%2Fmedia&parent=69131"}],"wp:term":[{"taxonomy":"category","embeddable":true,"href":"https:\/\/elpajaritonews.com\/index.php?rest_route=%2Fwp%2Fv2%2Fcategories&post=69131"},{"taxonomy":"post_tag","embeddable":true,"href":"https:\/\/elpajaritonews.com\/index.php?rest_route=%2Fwp%2Fv2%2Ftags&post=69131"}],"curies":[{"name":"wp","href":"https:\/\/api.w.org\/{rel}","templated":true}]}}