{"id":69141,"date":"2025-12-13T12:26:23","date_gmt":"2025-12-13T19:26:23","guid":{"rendered":"https:\/\/elpajaritonews.com\/?p=69141"},"modified":"2025-12-13T12:26:26","modified_gmt":"2025-12-13T19:26:26","slug":"intensa-temporada-de-lluvias-mejora-niveles-de-presas-en-sonora","status":"publish","type":"post","link":"https:\/\/elpajaritonews.com\/?p=69141","title":{"rendered":"INTENSA TEMPORADA DE LLUVIAS MEJORA NIVELES DE PRESAS EN SONORA"},"content":{"rendered":"\n<p class=\"wp-block-paragraph\">La Temporada de Lluvias y Ciclones Tropicales 2025 registr\u00f3 31 ciclones tropicales en el Atl\u00e1ntico y el Pac\u00edfico, con impactos relevantes para M\u00e9xico y resultados positivos en el almacenamiento de agua, inform\u00f3 el Servicio Meteorol\u00f3gico Nacional (SMN).&nbsp;<\/p>\n\n\n\n<p class=\"wp-block-paragraph\">En el caso de Sonora, el comportamiento t\u00edpico y prolongado del Monz\u00f3n mexicano favoreci\u00f3 lluvias importantes que contribuyeron al incremento de niveles en presas de la entidad. A nivel nacional, el almacenamiento de agua alcanz\u00f3 hasta 72 %, superando lo registrado en 2024, con Sonora entre los estados con mayores incrementos, lo que representa un beneficio clave para la seguridad h\u00eddrica y el desarrollo regional.<\/p>\n","protected":false},"excerpt":{"rendered":"<p>La Temporada de Lluvias y Ciclones Tropicales 2025 registr\u00f3 31 ciclones tropicales en el Atl\u00e1ntico y el Pac\u00edfico, con impactos relevantes para M\u00e9xico y resultados positivos en el almacenamiento de agua, inform\u00f3 el Servicio Meteorol\u00f3gico Nacional (SMN).&nbsp; En el caso de Sonora, el comportamiento t\u00edpico y prolongado del Monz\u00f3n mexicano favoreci\u00f3 lluvias importantes que contribuyeron&#8230;<\/p>\n","protected":false},"author":2,"featured_media":69142,"comment_status":"closed","ping_status":"closed","sticky":false,"template":"","format":"standard","meta":{"_crdt_document":"","_exactmetrics_skip_tracking":false,"_exactmetrics_sitenote_active":false,"_exactmetrics_sitenote_note":"","_exactmetrics_sitenote_category":0,"footnotes":""},"categories":[26,37,31,1,27,69],"tags":[71,72,74,76,28,75],"class_list":["post-69141","post","type-post","status-publish","format-standard","has-post-thumbnail","hentry","category-local","category-medio-ambiente","category-politica","category-seguridad","category-sonora","category-ultimas-noticias","tag-alfonso-durazo","tag-claudia-sheinbaum","tag-hermosillo","tag-medio-ambiente","tag-nogales","tag-seguridad-publica"],"_links":{"self":[{"href":"https:\/\/elpajaritonews.com\/index.php?rest_route=\/wp\/v2\/posts\/69141","targetHints":{"allow":["GET"]}}],"collection":[{"href":"https:\/\/elpajaritonews.com\/index.php?rest_route=\/wp\/v2\/posts"}],"about":[{"href":"https:\/\/elpajaritonews.com\/index.php?rest_route=\/wp\/v2\/types\/post"}],"author":[{"embeddable":true,"href":"https:\/\/elpajaritonews.com\/index.php?rest_route=\/wp\/v2\/users\/2"}],"replies":[{"embeddable":true,"href":"https:\/\/elpajaritonews.com\/index.php?rest_route=%2Fwp%2Fv2%2Fcomments&post=69141"}],"version-history":[{"count":1,"href":"https:\/\/elpajaritonews.com\/index.php?rest_route=\/wp\/v2\/posts\/69141\/revisions"}],"predecessor-version":[{"id":69143,"href":"https:\/\/elpajaritonews.com\/index.php?rest_route=\/wp\/v2\/posts\/69141\/revisions\/69143"}],"wp:featuredmedia":[{"embeddable":true,"href":"https:\/\/elpajaritonews.com\/index.php?rest_route=\/wp\/v2\/media\/69142"}],"wp:attachment":[{"href":"https:\/\/elpajaritonews.com\/index.php?rest_route=%2Fwp%2Fv2%2Fmedia&parent=69141"}],"wp:term":[{"taxonomy":"category","embeddable":true,"href":"https:\/\/elpajaritonews.com\/index.php?rest_route=%2Fwp%2Fv2%2Fcategories&post=69141"},{"taxonomy":"post_tag","embeddable":true,"href":"https:\/\/elpajaritonews.com\/index.php?rest_route=%2Fwp%2Fv2%2Ftags&post=69141"}],"curies":[{"name":"wp","href":"https:\/\/api.w.org\/{rel}","templated":true}]}}