{"id":69147,"date":"2025-12-14T15:52:49","date_gmt":"2025-12-14T22:52:49","guid":{"rendered":"https:\/\/elpajaritonews.com\/?p=69147"},"modified":"2025-12-14T15:52:52","modified_gmt":"2025-12-14T22:52:52","slug":"alfonso-durazo-y-conagua-entregan-titulos-de-concesion-de-agua-a-usuarios-agricolas-de-sonora","status":"publish","type":"post","link":"https:\/\/elpajaritonews.com\/?p=69147","title":{"rendered":"ALFONSO DURAZO Y CONAGUA ENTREGAN T\u00cdTULOS DE CONCESI\u00d3N DE AGUA A USUARIOS AGR\u00cdCOLAS DE SONORA"},"content":{"rendered":"\n<p class=\"wp-block-paragraph\">Se brinda certeza jur\u00eddica a productores del campo y se avanza en el ordenamiento de las concesiones de agua<\/p>\n\n\n\n<p class=\"wp-block-paragraph\">La regularizaci\u00f3n de t\u00edtulos de concesiones permite a las y los peque\u00f1os productores acceder a apoyos federales como tarifas preferenciales de electricidad para el riego<\/p>\n\n\n\n<p class=\"wp-block-paragraph\">En el marco de los nuevos ordenamientos legales en materia de agua impulsados por el Gobierno de M\u00e9xico, la Comisi\u00f3n Nacional del Agua (Conagua) se realiz\u00f3 la entrega de t\u00edtulos de concesi\u00f3n de agua para uso agr\u00edcola a usuarios del estado de Sonora, con el objetivo de otorgar certeza jur\u00eddica y fortalecer la productividad del campo.<\/p>\n\n\n\n<p class=\"wp-block-paragraph\">La entrega de los t\u00edtulos estuvo encabezada por el Director General de Conagua, Efra\u00edn Morales L\u00f3pez, y el Gobernador de Sonora, Alfonso Durazo Monta\u00f1o, como parte del compromiso asumido por la Presidenta Claudia Sheinbaum Pardo, desde el inicio de la actual administraci\u00f3n para poner en orden las concesiones de agua en el pa\u00eds, as\u00ed como terminar con los privilegios de aquellos que sobreexplotaron, acapararon y lucraron con este recurso.<\/p>\n\n\n\n<p class=\"wp-block-paragraph\">Efra\u00edn Morales, se\u00f1al\u00f3 que uno de los principales beneficios de regularizar las concesiones es que las y los peque\u00f1os productores agr\u00edcolas con pozos o t\u00edtulos de agua es poder acceder a apoyos federales, como las tarifas preferenciales de electricidad para el riego agr\u00edcola, adem\u00e1s de otros programas de fomento al campo.<\/p>\n\n\n\n<p class=\"wp-block-paragraph\">Por su parte, el Gobernador de Sonora, Alfonso Durazo Monta\u00f1o, reconoci\u00f3 el trabajo coordinado con el Gobierno de M\u00e9xico y destac\u00f3 que la entrega de estos t\u00edtulos brinda seguridad jur\u00eddica a las y los productores, fortalece la actividad agr\u00edcola y contribuye al desarrollo de soluciones para la entidad.<\/p>\n\n\n\n<p class=\"wp-block-paragraph\">Durante el evento, Efra\u00edn Morales destac\u00f3 que esta primera entrega se enmarca en la reciente publicaci\u00f3n de la Ley General de Aguas y las reformas a la Ley de Aguas Nacionales, impulsadas por la Presidenta Claudia Sheinbaum Pardo, las cuales representan un paso decisivo hacia un ordenamiento integral, transparente y p\u00fablico en el uso de las aguas nacionales.<\/p>\n\n\n\n<p class=\"wp-block-paragraph\">Tambi\u00e9n precis\u00f3 que es falso que la ley proh\u00edba heredar propiedades con concesiones de agua, impida la venta o renta de tierras agr\u00edcolas, haga ilegal el uso de pipas en una parcela, permita el retiro arbitrario de pozos o proh\u00edba la captaci\u00f3n de agua de lluvia. Indic\u00f3 que lo que s\u00ed garantiza la ley es la regularizaci\u00f3n de concesiones y el uso legal, transparente y sustentable del agua, en beneficio del campo.<\/p>\n\n\n\n<p class=\"wp-block-paragraph\">El titular de Conagua indic\u00f3 que, en materia de Tecnificaci\u00f3n del Campo, se destinar\u00e1n m\u00e1s de 5 mil 600 millones de pesos para los Distritos de Riego 038 y 041 del R\u00edo Mayo y R\u00edo Yaqui, con lo que se tecnificar\u00e1n m\u00e1s de 26 mil hect\u00e1reas en beneficio de 10 mil productores, as\u00ed como para el Distrito de Riego 018, primer distrito ind\u00edgena del pa\u00eds administrado por el pueblo yaqui.<\/p>\n\n\n\n<p class=\"wp-block-paragraph\">Durante el evento estuvieron presentes el Subdirector General de Infraestructura Hidroagr\u00edcola de la Conagua, Aar\u00f3n Mastache Mondrag\u00f3n; la secretaria de Agricultura, Ganader\u00eda, Recursos Hidr\u00e1ulicos, Pesca y Acuacultura del Gobierno de Sonora, Celida Teresa L\u00f3pez C\u00e1rdenas; el presidente de la Asociaci\u00f3n Nacional de Usuarios de Riego, Alejandro Salcedo Ru\u00edz; el presidente de la Uni\u00f3n Ganadera Regional de Sonora, Juan Ochoa Valenzuela; el director general del Organismo de Cuenca Noroeste de la Conagua, Rodolfo Castro Vald\u00e9s; as\u00ed como representantes de diversos distritos de riego del estado de Sonora.<\/p>\n\n\n\n<p class=\"wp-block-paragraph\">Con estas acciones, el Gobierno de M\u00e9xico avanza en el cumplimiento de uno de los compromisos fundamentales de la Presidenta Claudia Sheinbaum Pardo, que es garantizar el derecho humano al agua, ordenar el uso de las aguas nacionales, otorgar certeza jur\u00eddica y fortalecer la soberan\u00eda alimentaria.<\/p>\n","protected":false},"excerpt":{"rendered":"<p>Se brinda certeza jur\u00eddica a productores del campo y se avanza en el ordenamiento de las concesiones de agua La regularizaci\u00f3n de t\u00edtulos de concesiones permite a las y los peque\u00f1os productores acceder a apoyos federales como tarifas preferenciales de electricidad para el riego En el marco de los nuevos ordenamientos legales en materia de&#8230;<\/p>\n","protected":false},"author":2,"featured_media":69148,"comment_status":"closed","ping_status":"closed","sticky":false,"template":"","format":"standard","meta":{"_crdt_document":"","_exactmetrics_skip_tracking":false,"_exactmetrics_sitenote_active":false,"_exactmetrics_sitenote_note":"","_exactmetrics_sitenote_category":0,"footnotes":""},"categories":[36,88,26,37,31,32,1,27,69],"tags":[71,72,74,76,28,30],"class_list":["post-69147","post","type-post","status-publish","format-standard","has-post-thumbnail","hentry","category-economia","category-justicia","category-local","category-medio-ambiente","category-politica","category-salud","category-seguridad","category-sonora","category-ultimas-noticias","tag-alfonso-durazo","tag-claudia-sheinbaum","tag-hermosillo","tag-medio-ambiente","tag-nogales","tag-sonora-tierra-de-oportunidades"],"_links":{"self":[{"href":"https:\/\/elpajaritonews.com\/index.php?rest_route=\/wp\/v2\/posts\/69147","targetHints":{"allow":["GET"]}}],"collection":[{"href":"https:\/\/elpajaritonews.com\/index.php?rest_route=\/wp\/v2\/posts"}],"about":[{"href":"https:\/\/elpajaritonews.com\/index.php?rest_route=\/wp\/v2\/types\/post"}],"author":[{"embeddable":true,"href":"https:\/\/elpajaritonews.com\/index.php?rest_route=\/wp\/v2\/users\/2"}],"replies":[{"embeddable":true,"href":"https:\/\/elpajaritonews.com\/index.php?rest_route=%2Fwp%2Fv2%2Fcomments&post=69147"}],"version-history":[{"count":1,"href":"https:\/\/elpajaritonews.com\/index.php?rest_route=\/wp\/v2\/posts\/69147\/revisions"}],"predecessor-version":[{"id":69149,"href":"https:\/\/elpajaritonews.com\/index.php?rest_route=\/wp\/v2\/posts\/69147\/revisions\/69149"}],"wp:featuredmedia":[{"embeddable":true,"href":"https:\/\/elpajaritonews.com\/index.php?rest_route=\/wp\/v2\/media\/69148"}],"wp:attachment":[{"href":"https:\/\/elpajaritonews.com\/index.php?rest_route=%2Fwp%2Fv2%2Fmedia&parent=69147"}],"wp:term":[{"taxonomy":"category","embeddable":true,"href":"https:\/\/elpajaritonews.com\/index.php?rest_route=%2Fwp%2Fv2%2Fcategories&post=69147"},{"taxonomy":"post_tag","embeddable":true,"href":"https:\/\/elpajaritonews.com\/index.php?rest_route=%2Fwp%2Fv2%2Ftags&post=69147"}],"curies":[{"name":"wp","href":"https:\/\/api.w.org\/{rel}","templated":true}]}}