{"id":69212,"date":"2025-12-19T14:06:34","date_gmt":"2025-12-19T21:06:34","guid":{"rendered":"https:\/\/elpajaritonews.com\/?p=69212"},"modified":"2025-12-19T14:06:37","modified_gmt":"2025-12-19T21:06:37","slug":"reconocen-en-sonora-a-servidores-de-la-nacion-y-promotores-por-apoyo-tras-lluvias-en-hidalgo","status":"publish","type":"post","link":"https:\/\/elpajaritonews.com\/?p=69212","title":{"rendered":"RECONOCEN EN SONORA A SERVIDORES DE LA NACI\u00d3N Y PROMOTORES POR APOYO TRAS LLUVIAS EN HIDALGO"},"content":{"rendered":"\n<p class=\"wp-block-paragraph\">La Delegaci\u00f3n de Bienestar en Sonora y la Secretar\u00eda de Bienestar Federal entregaron 100 reconocimientos a Servidoras y Servidores de la Naci\u00f3n, as\u00ed como a Promotores, que participaron en los censos y en la entrega de tarjetas del Banco del Bienestar a familias afectadas por las lluvias provocadas en octubre de 2025 por la tormenta tropical <em>Priscilla<\/em> en el estado de Hidalgo.<\/p>\n\n\n\n<p class=\"wp-block-paragraph\">Atendiendo el llamado de la presidenta de M\u00e9xico, Claudia Sheinbaum Pardo, personal de Bienestar en Sonora recorri\u00f3 m\u00e1s de 2 mil kil\u00f3metros para apoyar directamente a comunidades damnificadas en diversos municipios hidalguenses, realizando labores de campo para garantizar que los apoyos llegaran de forma directa y oportuna.<\/p>\n\n\n\n<p class=\"wp-block-paragraph\">Durante el evento, el delegado de Bienestar en Sonora, Octavio Almada Palafox, destac\u00f3 la vocaci\u00f3n de servicio y el compromiso de quienes dejaron temporalmente sus hogares y familias para cumplir con la encomienda presidencial.<\/p>\n\n\n\n<p class=\"wp-block-paragraph\">\u201cSomos Servidores de la Naci\u00f3n, todos por igual. Lo realizado en Hidalgo fue m\u00e1s que trabajo: fue solidaridad y compromiso para que el bienestar llegara a quienes m\u00e1s lo necesitaban\u201d, expres\u00f3.<\/p>\n\n\n\n<p class=\"wp-block-paragraph\">A nombre de las y los participantes, Israel R\u00edos Quevedo subray\u00f3 el esfuerzo realizado para llegar a las comunidades m\u00e1s alejadas y agradeci\u00f3 el liderazgo del delegado, se\u00f1alando que esta labor permiti\u00f3 llevar esperanza y reafirmar que el pueblo no est\u00e1 solo.<\/p>\n\n\n\n<p class=\"wp-block-paragraph\">En su intervenci\u00f3n, el teniente coronel Nicol\u00e1s Mauricio Pedroza Contreras, del 24 Batall\u00f3n de Infanter\u00eda, reconoci\u00f3 que muchas de estas acciones se realizan de manera discreta, pero permanecen en la memoria de las comunidades beneficiadas.<\/p>\n\n\n\n<p class=\"wp-block-paragraph\">Por su parte, Jorge Cristi\u00e1n Mart\u00ednez Aguilar, coordinador del Banco del Bienestar, agradeci\u00f3 el respaldo brindado por el personal de Sonora, destacando su compromiso permanente con la ciudadan\u00eda.<\/p>\n\n\n\n<p class=\"wp-block-paragraph\">Al acto asistieron tambi\u00e9n autoridades de la Guardia Nacional y personal de Bienestar, quienes coincidieron en reconocer la entrega, empat\u00eda y humanismo demostrados durante las jornadas de apoyo en Hidalgo.<\/p>\n","protected":false},"excerpt":{"rendered":"<p>La Delegaci\u00f3n de Bienestar en Sonora y la Secretar\u00eda de Bienestar Federal entregaron 100 reconocimientos a Servidoras y Servidores de la Naci\u00f3n, as\u00ed como a Promotores, que participaron en los censos y en la entrega de tarjetas del Banco del Bienestar a familias afectadas por las lluvias provocadas en octubre de 2025 por la tormenta&#8230;<\/p>\n","protected":false},"author":2,"featured_media":69213,"comment_status":"closed","ping_status":"closed","sticky":false,"template":"","format":"standard","meta":{"_crdt_document":"","_exactmetrics_skip_tracking":false,"_exactmetrics_sitenote_active":false,"_exactmetrics_sitenote_note":"","_exactmetrics_sitenote_category":0,"footnotes":""},"categories":[80,26,23,31,1,27,69],"tags":[71,72,76,75],"class_list":["post-69212","post","type-post","status-publish","format-standard","has-post-thumbnail","hentry","category-derechos-humanos","category-local","category-mexico","category-politica","category-seguridad","category-sonora","category-ultimas-noticias","tag-alfonso-durazo","tag-claudia-sheinbaum","tag-medio-ambiente","tag-seguridad-publica"],"_links":{"self":[{"href":"https:\/\/elpajaritonews.com\/index.php?rest_route=\/wp\/v2\/posts\/69212","targetHints":{"allow":["GET"]}}],"collection":[{"href":"https:\/\/elpajaritonews.com\/index.php?rest_route=\/wp\/v2\/posts"}],"about":[{"href":"https:\/\/elpajaritonews.com\/index.php?rest_route=\/wp\/v2\/types\/post"}],"author":[{"embeddable":true,"href":"https:\/\/elpajaritonews.com\/index.php?rest_route=\/wp\/v2\/users\/2"}],"replies":[{"embeddable":true,"href":"https:\/\/elpajaritonews.com\/index.php?rest_route=%2Fwp%2Fv2%2Fcomments&post=69212"}],"version-history":[{"count":1,"href":"https:\/\/elpajaritonews.com\/index.php?rest_route=\/wp\/v2\/posts\/69212\/revisions"}],"predecessor-version":[{"id":69214,"href":"https:\/\/elpajaritonews.com\/index.php?rest_route=\/wp\/v2\/posts\/69212\/revisions\/69214"}],"wp:featuredmedia":[{"embeddable":true,"href":"https:\/\/elpajaritonews.com\/index.php?rest_route=\/wp\/v2\/media\/69213"}],"wp:attachment":[{"href":"https:\/\/elpajaritonews.com\/index.php?rest_route=%2Fwp%2Fv2%2Fmedia&parent=69212"}],"wp:term":[{"taxonomy":"category","embeddable":true,"href":"https:\/\/elpajaritonews.com\/index.php?rest_route=%2Fwp%2Fv2%2Fcategories&post=69212"},{"taxonomy":"post_tag","embeddable":true,"href":"https:\/\/elpajaritonews.com\/index.php?rest_route=%2Fwp%2Fv2%2Ftags&post=69212"}],"curies":[{"name":"wp","href":"https:\/\/api.w.org\/{rel}","templated":true}]}}