{"id":69221,"date":"2025-12-19T18:56:51","date_gmt":"2025-12-20T01:56:51","guid":{"rendered":"https:\/\/elpajaritonews.com\/?p=69221"},"modified":"2025-12-19T18:56:53","modified_gmt":"2025-12-20T01:56:53","slug":"avanza-el-plan-de-justicia-yaqui-durazo-inpi-y-sader-evaluan-avances-en-salud-agua-y-territorio","status":"publish","type":"post","link":"https:\/\/elpajaritonews.com\/?p=69221","title":{"rendered":"AVANZA EL PLAN DE JUSTICIA YAQUI: DURAZO, INPI Y SADER EVAL\u00daAN AVANCES EN SALUD, AGUA Y TERRITORIO"},"content":{"rendered":"\n<p class=\"wp-block-paragraph\">El gobernador de Sonora, Alfonso Durazo Monta\u00f1o, encabez\u00f3 una mesa de trabajo de seguimiento al Plan de Justicia para el pueblo Yaqui, junto al secretario de Agricultura y Desarrollo Rural, Julio Berdegu\u00e9 Sacrist\u00e1n, y el director general del Instituto Nacional de los Pueblos Ind\u00edgenas (INPI), Adelfo Regino Montes, para revisar avances en salud, derechos de agua, territorio, el Acueducto Yaqui y la ampliaci\u00f3n del Distrito de Riego 018.<\/p>\n\n\n\n<p class=\"wp-block-paragraph\">Durante el encuentro con autoridades tradicionales de la etnia Yaqui y representantes del Gobierno de M\u00e9xico, se inform\u00f3 que el Plan de Justicia Yaqui ha recibido una inversi\u00f3n acumulada de <strong>18 mil 346 millones de pesos<\/strong>, destinada a la restituci\u00f3n de tierras, el reconocimiento del derecho al agua, atenci\u00f3n a la salud, desarrollo social y fortalecimiento de la autonom\u00eda del pueblo Yaqui.<\/p>\n\n\n\n<p class=\"wp-block-paragraph\">\u201cEl pueblo Yaqui es parte fundamental de la identidad de Sonora. Refrendo mi compromiso de seguir avanzando, con respeto y resultados, en la reparaci\u00f3n de las injusticias hist\u00f3ricas\u201d, expres\u00f3 el mandatario estatal.<\/p>\n\n\n\n<p class=\"wp-block-paragraph\">El titular de SADER, Julio Berdegu\u00e9, detall\u00f3 que el programa <strong>Cosechando Soberan\u00eda<\/strong>, eje del Plan M\u00e9xico impulsado por la presidenta Claudia Sheinbaum Pardo, busca fortalecer a peque\u00f1os y medianos productores y aumentar el abasto nacional de alimentos b\u00e1sicos. Precis\u00f3 que el registro para el apoyo de <strong>5 mil pesos por hect\u00e1rea<\/strong>, hasta un m\u00e1ximo de 20 hect\u00e1reas por productor para la siembra de trigo o c\u00e1rtamo, permanecer\u00e1 abierto hasta el <strong>26 de diciembre<\/strong>, mientras que solicitudes de ciclos anteriores cerrar\u00e1n el <strong>31 de diciembre<\/strong>.<\/p>\n\n\n\n<p class=\"wp-block-paragraph\">A la reuni\u00f3n asistieron representantes de los ocho pueblos Yaquis: T\u00f3rim, R\u00e1hum, V\u00edcam, P\u00f3tam, Huirivis, Bel\u00e9m, C\u00f3corit\u2013Loma de Guam\u00fachil y Loma de B\u00e1cum, as\u00ed como funcionarias y funcionarios de los gobiernos federal y estatal.<\/p>\n","protected":false},"excerpt":{"rendered":"<p>El gobernador de Sonora, Alfonso Durazo Monta\u00f1o, encabez\u00f3 una mesa de trabajo de seguimiento al Plan de Justicia para el pueblo Yaqui, junto al secretario de Agricultura y Desarrollo Rural, Julio Berdegu\u00e9 Sacrist\u00e1n, y el director general del Instituto Nacional de los Pueblos Ind\u00edgenas (INPI), Adelfo Regino Montes, para revisar avances en salud, derechos de&#8230;<\/p>\n","protected":false},"author":2,"featured_media":69222,"comment_status":"closed","ping_status":"closed","sticky":false,"template":"","format":"standard","meta":{"_crdt_document":"","_exactmetrics_skip_tracking":false,"_exactmetrics_sitenote_active":false,"_exactmetrics_sitenote_note":"","_exactmetrics_sitenote_category":0,"footnotes":""},"categories":[36,88,37,23,31,27,69],"tags":[71,72,74,76,30],"class_list":["post-69221","post","type-post","status-publish","format-standard","has-post-thumbnail","hentry","category-economia","category-justicia","category-medio-ambiente","category-mexico","category-politica","category-sonora","category-ultimas-noticias","tag-alfonso-durazo","tag-claudia-sheinbaum","tag-hermosillo","tag-medio-ambiente","tag-sonora-tierra-de-oportunidades"],"_links":{"self":[{"href":"https:\/\/elpajaritonews.com\/index.php?rest_route=\/wp\/v2\/posts\/69221","targetHints":{"allow":["GET"]}}],"collection":[{"href":"https:\/\/elpajaritonews.com\/index.php?rest_route=\/wp\/v2\/posts"}],"about":[{"href":"https:\/\/elpajaritonews.com\/index.php?rest_route=\/wp\/v2\/types\/post"}],"author":[{"embeddable":true,"href":"https:\/\/elpajaritonews.com\/index.php?rest_route=\/wp\/v2\/users\/2"}],"replies":[{"embeddable":true,"href":"https:\/\/elpajaritonews.com\/index.php?rest_route=%2Fwp%2Fv2%2Fcomments&post=69221"}],"version-history":[{"count":1,"href":"https:\/\/elpajaritonews.com\/index.php?rest_route=\/wp\/v2\/posts\/69221\/revisions"}],"predecessor-version":[{"id":69223,"href":"https:\/\/elpajaritonews.com\/index.php?rest_route=\/wp\/v2\/posts\/69221\/revisions\/69223"}],"wp:featuredmedia":[{"embeddable":true,"href":"https:\/\/elpajaritonews.com\/index.php?rest_route=\/wp\/v2\/media\/69222"}],"wp:attachment":[{"href":"https:\/\/elpajaritonews.com\/index.php?rest_route=%2Fwp%2Fv2%2Fmedia&parent=69221"}],"wp:term":[{"taxonomy":"category","embeddable":true,"href":"https:\/\/elpajaritonews.com\/index.php?rest_route=%2Fwp%2Fv2%2Fcategories&post=69221"},{"taxonomy":"post_tag","embeddable":true,"href":"https:\/\/elpajaritonews.com\/index.php?rest_route=%2Fwp%2Fv2%2Ftags&post=69221"}],"curies":[{"name":"wp","href":"https:\/\/api.w.org\/{rel}","templated":true}]}}