{"id":69224,"date":"2025-12-19T19:34:14","date_gmt":"2025-12-20T02:34:14","guid":{"rendered":"https:\/\/elpajaritonews.com\/?p=69224"},"modified":"2025-12-19T19:34:16","modified_gmt":"2025-12-20T02:34:16","slug":"acuerdo-con-mineros-de-cananea-es-un-acto-de-justicia-lorenia-valles","status":"publish","type":"post","link":"https:\/\/elpajaritonews.com\/?p=69224","title":{"rendered":"ACUERDO CON MINEROS DE CANANEA ES UN ACTO DE JUSTICIA: LORENIA VALLES"},"content":{"rendered":"\n<p class=\"wp-block-paragraph\"><strong><br><\/strong>La senadora por Sonora y presidenta de la Comisi\u00f3n de Miner\u00eda del Senado, Lorenia Valles Sampedro, calific\u00f3 como un acto de justicia el acuerdo alcanzado entre la Secci\u00f3n 65 del Sindicato Minero Nacional y el Gobierno de M\u00e9xico, tras 18 a\u00f1os de huelga en Cananea.<\/p>\n\n\n\n<p class=\"wp-block-paragraph\">La legisladora destac\u00f3 que el acuerdo contempla la liquidaci\u00f3n salarial conforme al contrato colectivo para 650 mineros, incluidas 53 viudas, as\u00ed como cobertura de servicios de salud, acceso a una pensi\u00f3n y la posibilidad de reincorporaci\u00f3n laboral. Subray\u00f3 que con ello se hacen efectivas demandas hist\u00f3ricas de los trabajadores mineros.<\/p>\n\n\n\n<p class=\"wp-block-paragraph\">Valles Sampedro resalt\u00f3 que los gobiernos de la Cuarta Transformaci\u00f3n han priorizado la defensa de los derechos laborales, como lo demuestra la ratificaci\u00f3n del Convenio 176 de la Organizaci\u00f3n Internacional del Trabajo sobre seguridad y salud en las minas, pendiente desde 1995.<\/p>\n\n\n\n<p class=\"wp-block-paragraph\">Record\u00f3 que el expresidente Andr\u00e9s Manuel L\u00f3pez Obrador impuls\u00f3 tanto la aprobaci\u00f3n de dicho convenio como el Plan de Justicia para Cananea en 2021, y reconoci\u00f3 la sensibilidad de la presidenta Claudia Sheinbaum y del gobernador Alfonso Durazo para concretar este acuerdo.<\/p>\n\n\n\n<p class=\"wp-block-paragraph\">Finalmente, enfatiz\u00f3 la relevancia hist\u00f3rica de Cananea como cuna de la lucha obrera en M\u00e9xico y afirm\u00f3 que las demandas de los mineros sonorenses reivindican el legado de derechos laborales consagrados en la Constituci\u00f3n.<\/p>\n\n\n\n<p class=\"wp-block-paragraph\">ChatGPT puede cometer errores. Considera verificar la info<\/p>\n","protected":false},"excerpt":{"rendered":"<p>La senadora por Sonora y presidenta de la Comisi\u00f3n de Miner\u00eda del Senado, Lorenia Valles Sampedro, calific\u00f3 como un acto de justicia el acuerdo alcanzado entre la Secci\u00f3n 65 del Sindicato Minero Nacional y el Gobierno de M\u00e9xico, tras 18 a\u00f1os de huelga en Cananea. La legisladora destac\u00f3 que el acuerdo contempla la liquidaci\u00f3n salarial&#8230;<\/p>\n","protected":false},"author":2,"featured_media":69225,"comment_status":"closed","ping_status":"closed","sticky":false,"template":"","format":"standard","meta":{"_crdt_document":"","_exactmetrics_skip_tracking":false,"_exactmetrics_sitenote_active":false,"_exactmetrics_sitenote_note":"","_exactmetrics_sitenote_category":0,"footnotes":""},"categories":[80,88,26,37,23,82,31,27,69],"tags":[71,72,74,76,28,75],"class_list":["post-69224","post","type-post","status-publish","format-standard","has-post-thumbnail","hentry","category-derechos-humanos","category-justicia","category-local","category-medio-ambiente","category-mexico","category-poder-judicial","category-politica","category-sonora","category-ultimas-noticias","tag-alfonso-durazo","tag-claudia-sheinbaum","tag-hermosillo","tag-medio-ambiente","tag-nogales","tag-seguridad-publica"],"_links":{"self":[{"href":"https:\/\/elpajaritonews.com\/index.php?rest_route=\/wp\/v2\/posts\/69224","targetHints":{"allow":["GET"]}}],"collection":[{"href":"https:\/\/elpajaritonews.com\/index.php?rest_route=\/wp\/v2\/posts"}],"about":[{"href":"https:\/\/elpajaritonews.com\/index.php?rest_route=\/wp\/v2\/types\/post"}],"author":[{"embeddable":true,"href":"https:\/\/elpajaritonews.com\/index.php?rest_route=\/wp\/v2\/users\/2"}],"replies":[{"embeddable":true,"href":"https:\/\/elpajaritonews.com\/index.php?rest_route=%2Fwp%2Fv2%2Fcomments&post=69224"}],"version-history":[{"count":1,"href":"https:\/\/elpajaritonews.com\/index.php?rest_route=\/wp\/v2\/posts\/69224\/revisions"}],"predecessor-version":[{"id":69226,"href":"https:\/\/elpajaritonews.com\/index.php?rest_route=\/wp\/v2\/posts\/69224\/revisions\/69226"}],"wp:featuredmedia":[{"embeddable":true,"href":"https:\/\/elpajaritonews.com\/index.php?rest_route=\/wp\/v2\/media\/69225"}],"wp:attachment":[{"href":"https:\/\/elpajaritonews.com\/index.php?rest_route=%2Fwp%2Fv2%2Fmedia&parent=69224"}],"wp:term":[{"taxonomy":"category","embeddable":true,"href":"https:\/\/elpajaritonews.com\/index.php?rest_route=%2Fwp%2Fv2%2Fcategories&post=69224"},{"taxonomy":"post_tag","embeddable":true,"href":"https:\/\/elpajaritonews.com\/index.php?rest_route=%2Fwp%2Fv2%2Ftags&post=69224"}],"curies":[{"name":"wp","href":"https:\/\/api.w.org\/{rel}","templated":true}]}}