{"id":69231,"date":"2025-12-20T18:00:01","date_gmt":"2025-12-21T01:00:01","guid":{"rendered":"https:\/\/elpajaritonews.com\/?p=69231"},"modified":"2025-12-20T18:00:07","modified_gmt":"2025-12-21T01:00:07","slug":"con-inversion-de-mas-de-42-mdp-durazo-e-inpi-inauguran-infraestructura-educativa-en-comunidad-seri","status":"publish","type":"post","link":"https:\/\/elpajaritonews.com\/?p=69231","title":{"rendered":"CON INVERSI\u00d3N DE M\u00c1S DE 42 MDP, DURAZO E INPI INAUGURAN INFRAESTRUCTURA EDUCATIVA EN COMUNIDAD SERI"},"content":{"rendered":"\n<p class=\"wp-block-paragraph\">En el marco del Plan de Justicia para el Pueblo Seri, el gobernador Alfonso Durazo Monta\u00f1o y el director general del Instituto Nacional de los Pueblos Ind\u00edgenas (INPI), Adelfo Regino Montes, inauguraron el Comedor Escolar de la Ni\u00f1ez Ind\u00edgena \u201cHant An Icoohitim Socaaix\u201d y las nuevas instalaciones del Telebachillerato Comunitario de Punta Chueca, con una inversi\u00f3n superior a los 42 millones de pesos.<\/p>\n\n\n\n<p class=\"wp-block-paragraph\">Acompa\u00f1ados por autoridades tradicionales del Pueblo Comca\u2019ac, el mandatario estatal y el titular del INPI realizaron la develaci\u00f3n de la placa conmemorativa, el corte de list\u00f3n y un recorrido por la nueva infraestructura educativa, que atiende una demanda hist\u00f3rica de la comunidad y fortalece las condiciones para el aprendizaje de ni\u00f1as, ni\u00f1os y j\u00f3venes.<\/p>\n\n\n\n<p class=\"wp-block-paragraph\">Durante el acto, el gobernador Alfonso Durazo destac\u00f3 que estas obras representan un acto de justicia y reconocimiento a los pueblos originarios, al brindar espacios dignos y adecuados para la educaci\u00f3n. Subray\u00f3 que el bienestar de la ni\u00f1ez y la juventud ind\u00edgena es una prioridad dentro de los compromisos asumidos por el Gobierno de M\u00e9xico, con el respaldo de la presidenta Claudia Sheinbaum Pardo.<\/p>\n\n\n\n<p class=\"wp-block-paragraph\">Por su parte, el gobernador tradicional del Pueblo Comca\u2019ac en Punta Chueca, Jes\u00fas F\u00e9lix Segovia, agradeci\u00f3 el acompa\u00f1amiento del Gobierno de Sonora y del Gobierno de M\u00e9xico, al se\u00f1alar que se ha mantenido un trabajo cercano para concretar proyectos que responden a las principales necesidades de la comunidad.<\/p>\n\n\n\n<p class=\"wp-block-paragraph\">El Telebachillerato Comunitario de Punta Chueca beneficiar\u00e1 a 24 estudiantes. Su construcci\u00f3n inici\u00f3 en abril de 2024 y concluy\u00f3 en abril de 2025. El plantel cuenta con aulas equipadas, sistemas de aire acondicionado, cisterna e hidroneum\u00e1tico, lo que permitir\u00e1 mejorar el proceso de ense\u00f1anza-aprendizaje. Anteriormente, las clases se impart\u00edan en las instalaciones de la telesecundaria 260.<\/p>\n\n\n\n<p class=\"wp-block-paragraph\">Al evento asistieron Froyl\u00e1n G\u00e1mez Gamboa, secretario de Educaci\u00f3n y Cultura; Dora Alicia Moreno M\u00e9ndez, diputada federal, y Blanca Valenzuela, directora general de Cecyte Sonora, quienes refrendaron su compromiso con el fortalecimiento de la educaci\u00f3n en comunidades ind\u00edgenas.<\/p>\n","protected":false},"excerpt":{"rendered":"<p>En el marco del Plan de Justicia para el Pueblo Seri, el gobernador Alfonso Durazo Monta\u00f1o y el director general del Instituto Nacional de los Pueblos Ind\u00edgenas (INPI), Adelfo Regino Montes, inauguraron el Comedor Escolar de la Ni\u00f1ez Ind\u00edgena \u201cHant An Icoohitim Socaaix\u201d y las nuevas instalaciones del Telebachillerato Comunitario de Punta Chueca, con una&#8230;<\/p>\n","protected":false},"author":2,"featured_media":69232,"comment_status":"closed","ping_status":"closed","sticky":false,"template":"","format":"standard","meta":{"_crdt_document":"","_exactmetrics_skip_tracking":false,"_exactmetrics_sitenote_active":false,"_exactmetrics_sitenote_note":"","_exactmetrics_sitenote_category":0,"footnotes":""},"categories":[36,26,31,27,69],"tags":[71,72,74,75,30],"class_list":["post-69231","post","type-post","status-publish","format-standard","has-post-thumbnail","hentry","category-economia","category-local","category-politica","category-sonora","category-ultimas-noticias","tag-alfonso-durazo","tag-claudia-sheinbaum","tag-hermosillo","tag-seguridad-publica","tag-sonora-tierra-de-oportunidades"],"_links":{"self":[{"href":"https:\/\/elpajaritonews.com\/index.php?rest_route=\/wp\/v2\/posts\/69231","targetHints":{"allow":["GET"]}}],"collection":[{"href":"https:\/\/elpajaritonews.com\/index.php?rest_route=\/wp\/v2\/posts"}],"about":[{"href":"https:\/\/elpajaritonews.com\/index.php?rest_route=\/wp\/v2\/types\/post"}],"author":[{"embeddable":true,"href":"https:\/\/elpajaritonews.com\/index.php?rest_route=\/wp\/v2\/users\/2"}],"replies":[{"embeddable":true,"href":"https:\/\/elpajaritonews.com\/index.php?rest_route=%2Fwp%2Fv2%2Fcomments&post=69231"}],"version-history":[{"count":1,"href":"https:\/\/elpajaritonews.com\/index.php?rest_route=\/wp\/v2\/posts\/69231\/revisions"}],"predecessor-version":[{"id":69233,"href":"https:\/\/elpajaritonews.com\/index.php?rest_route=\/wp\/v2\/posts\/69231\/revisions\/69233"}],"wp:featuredmedia":[{"embeddable":true,"href":"https:\/\/elpajaritonews.com\/index.php?rest_route=\/wp\/v2\/media\/69232"}],"wp:attachment":[{"href":"https:\/\/elpajaritonews.com\/index.php?rest_route=%2Fwp%2Fv2%2Fmedia&parent=69231"}],"wp:term":[{"taxonomy":"category","embeddable":true,"href":"https:\/\/elpajaritonews.com\/index.php?rest_route=%2Fwp%2Fv2%2Fcategories&post=69231"},{"taxonomy":"post_tag","embeddable":true,"href":"https:\/\/elpajaritonews.com\/index.php?rest_route=%2Fwp%2Fv2%2Ftags&post=69231"}],"curies":[{"name":"wp","href":"https:\/\/api.w.org\/{rel}","templated":true}]}}