{"id":69249,"date":"2025-12-22T11:49:23","date_gmt":"2025-12-22T18:49:23","guid":{"rendered":"https:\/\/elpajaritonews.com\/?p=69249"},"modified":"2025-12-22T11:49:25","modified_gmt":"2025-12-22T18:49:25","slug":"sheinbaum-anuncia-fin-de-huelga-y-resarcimiento-por-rio-sonora","status":"publish","type":"post","link":"https:\/\/elpajaritonews.com\/?p=69249","title":{"rendered":"SHEINBAUM ANUNCIA FIN DE HUELGA Y RESARCIMIENTO POR R\u00cdO SONORA"},"content":{"rendered":"\n<p class=\"wp-block-paragraph\">Sheinbaum celebra importante acuerdo sobre el Plan de Justicia para Cananea: Termin\u00f3 la huelga<\/p>\n\n\n\n<p class=\"wp-block-paragraph\">Ma\u00f1ana se va a anunciar que se cumplen pr\u00e1cticamente todas las demandas que ha solicitado la comunidad para el resarcimiento de la contaminaci\u00f3n del r\u00edo Sonora. Esto es muy importante\u00bb, agreg\u00f3.<\/p>\n\n\n\n<p class=\"wp-block-paragraph\">La primera mandataria mexicana se\u00f1al\u00f3 que el acuerdo era algo hist\u00f3rico para el estado de Sonora y que ma\u00f1ana se compartir\u00e1n m\u00e1s detalles<\/p>\n\n\n\n<p class=\"wp-block-paragraph\">Plan de Justicia para Cananea<\/p>\n\n\n\n<p class=\"wp-block-paragraph\">La primera presidenta de M\u00e9xico, la doctora Claudia Sheinbaum Pardo, encabeza su tradicional conferencia &#8216;Ma\u00f1anera del Pueblo&#8217; desde el Sal\u00f3n Guillermo Prieto de Palacio Nacional. Este lunes 22 de diciembre de 2025, la mandataria mexicana comparti\u00f3 un importante anuncio sobre el Plan de Justicia para Cananea: Tras llegar a un acuerdo, termin\u00f3 la huelga de mineros.<\/p>\n\n\n\n<p class=\"wp-block-paragraph\">Ante los medios de comunicaci\u00f3n reunidos este lunes, la jefa del Ejecutivo Federal mexicano se\u00f1al\u00f3 que, tras 18 a\u00f1os, los trabajadores de Cananea han decidido levantar la huelga, debido a que llegaron a un acuerdo en el que habr\u00e1 reparaci\u00f3n del da\u00f1o: \u00abSe lleg\u00f3 un acuerdo muy importante para el Plan de Justicia de Cananea. Los trabajadores de Cananea, despu\u00e9s de a\u00f1os de huelga han decidido levantar la huelga a trav\u00e9s de un apoyo, un resarcimiento a todos los trabajadores\u00bb.<\/p>\n\n\n\n<p class=\"wp-block-paragraph\">La mandataria mexicana apunt\u00f3 que \u00abesto es algo hist\u00f3rico para Sonora\u00bb, y se\u00f1al\u00f3 que ma\u00f1ana, martes 23 de diciembre, se va a informar sobre las obras de resarcimiento por el derrame en el r\u00edo Sonora.<\/p>\n\n\n\n<p class=\"wp-block-paragraph\">Esto es algo hist\u00f3rico para Sonora. Al mismo tiempo el d\u00eda de ma\u00f1ana en Sonora, les adelanto, se ve informar sobre todas las obras de resarcimiento por la contaminaci\u00f3n del R\u00edo Sonora\u00bb, dijo en su conferencia matutina.<\/p>\n\n\n\n<figure class=\"wp-block-embed is-type-rich is-provider-twitter wp-block-embed-twitter\"><div class=\"wp-block-embed__wrapper\">\n<blockquote class=\"twitter-tweet\" data-width=\"550\" data-dnt=\"true\"><p lang=\"es\" dir=\"ltr\"><a href=\"https:\/\/twitter.com\/hashtag\/Ma%C3%B1aneraDelPueblo?src=hash&amp;ref_src=twsrc%5Etfw\">#Ma\u00f1aneraDelPueblo<\/a>. Anuncia <a href=\"https:\/\/twitter.com\/Claudiashein?ref_src=twsrc%5Etfw\">@Claudiashein<\/a> que ma\u00f1ana se va a anunciar el resarcimiento por el da\u00f1o ambiental en el R\u00edo Sonora, adem\u00e1s de conocer el plan de justicia para la mina de Cananea, donde culmin\u00f3 la semana pasada la larga huelga que se deton\u00f3 desde 2007. <a href=\"https:\/\/t.co\/KfoUJgFR4O\">pic.twitter.com\/KfoUJgFR4O<\/a><\/p>&mdash; Jenaro Villamil (@jenarovillamil) <a href=\"https:\/\/twitter.com\/jenarovillamil\/status\/2003106239421821409?ref_src=twsrc%5Etfw\">December 22, 2025<\/a><\/blockquote><script async src=\"https:\/\/platform.twitter.com\/widgets.js\" charset=\"utf-8\"><\/script>\n<\/div><\/figure>\n\n\n\n<p class=\"wp-block-paragraph\">La presidenta se\u00f1al\u00f3 que, despu\u00e9s de que Grupo M\u00e9xico no quer\u00eda acabar de hacer todas las obras que eran necesarias, se lleg\u00f3 un acuerdo en el que se cumplen pr\u00e1cticamente todas las demandas que ha pedido la comunidad. Apunt\u00f3 que el trabajo de la secretaria de Gobernaci\u00f3n (Segob), Rosa Icela Rodriguez, de la titular de Secretar\u00eda de Medio Ambiente, Alicia B\u00e1rcena, y del gobernador, Alfonso Durazo Monta\u00f1o, fueron clave en este acuerdo.<\/p>\n\n\n\n<figure class=\"wp-block-embed is-type-video is-provider-youtube wp-block-embed-youtube wp-embed-aspect-16-9 wp-has-aspect-ratio\"><div class=\"wp-block-embed__wrapper\">\n<iframe loading=\"lazy\" title=\"#Ma\u00f1aneraDelPueblo desde Palacio Nacional. Lunes 22 de diciembre 2025\" width=\"640\" height=\"360\" src=\"https:\/\/www.youtube.com\/embed\/QHS9APBT0lk?feature=oembed\" frameborder=\"0\" allow=\"accelerometer; autoplay; clipboard-write; encrypted-media; gyroscope; picture-in-picture; web-share\" referrerpolicy=\"strict-origin-when-cross-origin\" allowfullscreen><\/iframe>\n<\/div><\/figure>\n\n\n\n<p class=\"wp-block-paragraph\">Sheinbaum se\u00f1al\u00f3 que se van a hacer las cl\u00ednicas, la medici\u00f3n permanente de la calidad del agua del R\u00edo Sonora, la restituci\u00f3n y remediaci\u00f3n de suelos: \u00abSon una serie de acciones que finalmente se atiene de un trabajo permanente que se hizo y Grupo M\u00e9xico al final decidi\u00f3 cumplir con todo ello, adem\u00e1s de este Plan de justicia para Cananea que finalmente se da cumplimiento a este trabajo\u00bb.<\/p>\n\n\n\n<p class=\"wp-block-paragraph\">Fuente: Tribuna del Yaqui \/ Conferencia &#8216;Ma\u00f1anera del Pueblo&#8217;<\/p>\n","protected":false},"excerpt":{"rendered":"<p>Sheinbaum celebra importante acuerdo sobre el Plan de Justicia para Cananea: Termin\u00f3 la huelga Ma\u00f1ana se va a anunciar que se cumplen pr\u00e1cticamente todas las demandas que ha solicitado la comunidad para el resarcimiento de la contaminaci\u00f3n del r\u00edo Sonora. Esto es muy importante\u00bb, agreg\u00f3. La primera mandataria mexicana se\u00f1al\u00f3 que el acuerdo era algo&#8230;<\/p>\n","protected":false},"author":2,"featured_media":69250,"comment_status":"closed","ping_status":"closed","sticky":false,"template":"","format":"standard","meta":{"_crdt_document":"","_exactmetrics_skip_tracking":false,"_exactmetrics_sitenote_active":false,"_exactmetrics_sitenote_note":"","_exactmetrics_sitenote_category":0,"footnotes":""},"categories":[80,36,26,23,31,27,69,65],"tags":[71,72,74,76,28,75],"class_list":["post-69249","post","type-post","status-publish","format-standard","has-post-thumbnail","hentry","category-derechos-humanos","category-economia","category-local","category-mexico","category-politica","category-sonora","category-ultimas-noticias","category-videos","tag-alfonso-durazo","tag-claudia-sheinbaum","tag-hermosillo","tag-medio-ambiente","tag-nogales","tag-seguridad-publica"],"_links":{"self":[{"href":"https:\/\/elpajaritonews.com\/index.php?rest_route=\/wp\/v2\/posts\/69249","targetHints":{"allow":["GET"]}}],"collection":[{"href":"https:\/\/elpajaritonews.com\/index.php?rest_route=\/wp\/v2\/posts"}],"about":[{"href":"https:\/\/elpajaritonews.com\/index.php?rest_route=\/wp\/v2\/types\/post"}],"author":[{"embeddable":true,"href":"https:\/\/elpajaritonews.com\/index.php?rest_route=\/wp\/v2\/users\/2"}],"replies":[{"embeddable":true,"href":"https:\/\/elpajaritonews.com\/index.php?rest_route=%2Fwp%2Fv2%2Fcomments&post=69249"}],"version-history":[{"count":1,"href":"https:\/\/elpajaritonews.com\/index.php?rest_route=\/wp\/v2\/posts\/69249\/revisions"}],"predecessor-version":[{"id":69251,"href":"https:\/\/elpajaritonews.com\/index.php?rest_route=\/wp\/v2\/posts\/69249\/revisions\/69251"}],"wp:featuredmedia":[{"embeddable":true,"href":"https:\/\/elpajaritonews.com\/index.php?rest_route=\/wp\/v2\/media\/69250"}],"wp:attachment":[{"href":"https:\/\/elpajaritonews.com\/index.php?rest_route=%2Fwp%2Fv2%2Fmedia&parent=69249"}],"wp:term":[{"taxonomy":"category","embeddable":true,"href":"https:\/\/elpajaritonews.com\/index.php?rest_route=%2Fwp%2Fv2%2Fcategories&post=69249"},{"taxonomy":"post_tag","embeddable":true,"href":"https:\/\/elpajaritonews.com\/index.php?rest_route=%2Fwp%2Fv2%2Ftags&post=69249"}],"curies":[{"name":"wp","href":"https:\/\/api.w.org\/{rel}","templated":true}]}}