{"id":69255,"date":"2025-12-22T17:22:55","date_gmt":"2025-12-23T00:22:55","guid":{"rendered":"https:\/\/elpajaritonews.com\/?p=69255"},"modified":"2025-12-22T17:22:56","modified_gmt":"2025-12-23T00:22:56","slug":"gobierno-de-mexico-y-sonora-destraban-conflicto-minero-de-cananea-tras-18-anos","status":"publish","type":"post","link":"https:\/\/elpajaritonews.com\/?p=69255","title":{"rendered":"GOBIERNO DE M\u00c9XICO Y SONORA DESTRABAN CONFLICTO MINERO DE CANANEA TRAS 18 A\u00d1OS"},"content":{"rendered":"\n<p class=\"wp-block-paragraph\">En el marco del Plan de Justicia para Cananea, se concret\u00f3 un acuerdo hist\u00f3rico que permiti\u00f3 concluir la huelga de la Secci\u00f3n 65, activa por m\u00e1s de 18 a\u00f1os, mediante la liquidaci\u00f3n conforme a la ley de m\u00e1s de 650 mineros, inform\u00f3 el gobernador Alfonso Durazo Monta\u00f1o.<\/p>\n\n\n\n<p class=\"wp-block-paragraph\">El mandatario estatal destac\u00f3 que este acuerdo fue posible gracias al respaldo de la presidenta de M\u00e9xico, Claudia Sheinbaum Pardo, y al trabajo coordinado entre el Gobierno de M\u00e9xico y el Gobierno de Sonora, lo que permiti\u00f3 destinar recursos complementarios bajo un modelo de soluci\u00f3n amistosa para destrabar un conflicto que durante a\u00f1os afect\u00f3 a las y los trabajadores y a la comunidad de Cananea.<\/p>\n\n\n\n<p class=\"wp-block-paragraph\">Durazo Monta\u00f1o subray\u00f3 que, derivado de esta resoluci\u00f3n, las y los trabajadores de la Secci\u00f3n 65 comenzaron a recibir su liquidaci\u00f3n laboral conforme a lo establecido en la ley, garantizando el pleno respeto a sus derechos laborales.<\/p>\n\n\n\n<p class=\"wp-block-paragraph\">\u201cCelebro este acuerdo, con el que concluye la huelga de los mineros de la Secci\u00f3n 65 de Cananea, quienes por m\u00e1s de 18 a\u00f1os exigieron justicia. Hoy es una realidad gracias al Plan de Justicia para Cananea y al compromiso con su gente\u201d, expres\u00f3 el gobernador.<\/p>\n\n\n\n<p class=\"wp-block-paragraph\">Como parte de los acuerdos alcanzados, las y los mineros reciben su liquidaci\u00f3n conforme a lo estipulado en el Plan de Justicia para Cananea, iniciativa impulsada por el Gobierno de Sonora y respaldada plenamente por el Gobierno de M\u00e9xico.<\/p>\n\n\n\n<p class=\"wp-block-paragraph\">Con este logro, el gobernador Alfonso Durazo reafirma su compromiso con la justicia social y el bienestar de las y los sonorenses, mediante pol\u00edticas p\u00fablicas que priorizan los derechos laborales y la atenci\u00f3n a rezagos hist\u00f3ricos.<\/p>\n","protected":false},"excerpt":{"rendered":"<p>En el marco del Plan de Justicia para Cananea, se concret\u00f3 un acuerdo hist\u00f3rico que permiti\u00f3 concluir la huelga de la Secci\u00f3n 65, activa por m\u00e1s de 18 a\u00f1os, mediante la liquidaci\u00f3n conforme a la ley de m\u00e1s de 650 mineros, inform\u00f3 el gobernador Alfonso Durazo Monta\u00f1o. El mandatario estatal destac\u00f3 que este acuerdo fue&#8230;<\/p>\n","protected":false},"author":2,"featured_media":69256,"comment_status":"closed","ping_status":"closed","sticky":false,"template":"","format":"standard","meta":{"_crdt_document":"","_exactmetrics_skip_tracking":false,"_exactmetrics_sitenote_active":false,"_exactmetrics_sitenote_note":"","_exactmetrics_sitenote_category":0,"footnotes":""},"categories":[80,36,26,23,31,1,27,69],"tags":[71,72,30],"class_list":["post-69255","post","type-post","status-publish","format-standard","has-post-thumbnail","hentry","category-derechos-humanos","category-economia","category-local","category-mexico","category-politica","category-seguridad","category-sonora","category-ultimas-noticias","tag-alfonso-durazo","tag-claudia-sheinbaum","tag-sonora-tierra-de-oportunidades"],"_links":{"self":[{"href":"https:\/\/elpajaritonews.com\/index.php?rest_route=\/wp\/v2\/posts\/69255","targetHints":{"allow":["GET"]}}],"collection":[{"href":"https:\/\/elpajaritonews.com\/index.php?rest_route=\/wp\/v2\/posts"}],"about":[{"href":"https:\/\/elpajaritonews.com\/index.php?rest_route=\/wp\/v2\/types\/post"}],"author":[{"embeddable":true,"href":"https:\/\/elpajaritonews.com\/index.php?rest_route=\/wp\/v2\/users\/2"}],"replies":[{"embeddable":true,"href":"https:\/\/elpajaritonews.com\/index.php?rest_route=%2Fwp%2Fv2%2Fcomments&post=69255"}],"version-history":[{"count":1,"href":"https:\/\/elpajaritonews.com\/index.php?rest_route=\/wp\/v2\/posts\/69255\/revisions"}],"predecessor-version":[{"id":69257,"href":"https:\/\/elpajaritonews.com\/index.php?rest_route=\/wp\/v2\/posts\/69255\/revisions\/69257"}],"wp:featuredmedia":[{"embeddable":true,"href":"https:\/\/elpajaritonews.com\/index.php?rest_route=\/wp\/v2\/media\/69256"}],"wp:attachment":[{"href":"https:\/\/elpajaritonews.com\/index.php?rest_route=%2Fwp%2Fv2%2Fmedia&parent=69255"}],"wp:term":[{"taxonomy":"category","embeddable":true,"href":"https:\/\/elpajaritonews.com\/index.php?rest_route=%2Fwp%2Fv2%2Fcategories&post=69255"},{"taxonomy":"post_tag","embeddable":true,"href":"https:\/\/elpajaritonews.com\/index.php?rest_route=%2Fwp%2Fv2%2Ftags&post=69255"}],"curies":[{"name":"wp","href":"https:\/\/api.w.org\/{rel}","templated":true}]}}