{"id":69261,"date":"2025-12-23T12:52:23","date_gmt":"2025-12-23T19:52:23","guid":{"rendered":"https:\/\/elpajaritonews.com\/?p=69261"},"modified":"2025-12-23T12:52:25","modified_gmt":"2025-12-23T19:52:25","slug":"formalizan-fin-de-la-huelga-minera-de-cananea-tras-18-anos","status":"publish","type":"post","link":"https:\/\/elpajaritonews.com\/?p=69261","title":{"rendered":"FORMALIZAN FIN DE LA HUELGA MINERA DE CANANEA TRAS 18 A\u00d1OS"},"content":{"rendered":"\n<p class=\"wp-block-paragraph\">El Sindicato Nacional Minero y el gobierno federal formalizaron el fin de la huelga en Cananea, Sonora, tras 18 a\u00f1os de conflicto laboral, mediante la firma de un convenio que garantiza la liquidaci\u00f3n conforme al contrato colectivo original, as\u00ed como acceso a seguridad social y al sistema de pensiones para 650 trabajadores y sus familias, adem\u00e1s de las viudas de 53 mineros fallecidos durante el paro.<\/p>\n\n\n\n<p class=\"wp-block-paragraph\">La firma del acuerdo se llev\u00f3 a cabo en la Secretar\u00eda de Gobernaci\u00f3n y fue destacada por la presidenta Claudia Sheinbaum como un consenso hist\u00f3rico en el marco del Plan de Justicia para Cananea. La mandataria subray\u00f3 que los alcances del convenio ser\u00e1n informados de manera integral en los pr\u00f3ximos d\u00edas.<\/p>\n\n\n\n<p class=\"wp-block-paragraph\">En el acto participaron la secretaria de Gobernaci\u00f3n, Rosa Icela Rodr\u00edguez; el secretario del Trabajo, Marath Bola\u00f1os; el gobernador de Sonora, Alfonso Durazo, y el dirigente minero Napole\u00f3n G\u00f3mez Urrutia, quien calific\u00f3 el acuerdo como una victoria para los trabajadores y un avance significativo para el movimiento obrero nacional.<\/p>\n\n\n\n<p class=\"wp-block-paragraph\">G\u00f3mez Urrutia se\u00f1al\u00f3 que el sindicato dar\u00e1 seguimiento puntual al cumplimiento del convenio y reiter\u00f3 la exigencia de resolver otras huelgas de larga duraci\u00f3n en Taxco y Sombrerete, adem\u00e1s de vigilar la apertura de plazas laborales en Cananea para los trabajadores afectados por el conflicto.<\/p>\n","protected":false},"excerpt":{"rendered":"<p>El Sindicato Nacional Minero y el gobierno federal formalizaron el fin de la huelga en Cananea, Sonora, tras 18 a\u00f1os de conflicto laboral, mediante la firma de un convenio que garantiza la liquidaci\u00f3n conforme al contrato colectivo original, as\u00ed como acceso a seguridad social y al sistema de pensiones para 650 trabajadores y sus familias,&#8230;<\/p>\n","protected":false},"author":2,"featured_media":69262,"comment_status":"closed","ping_status":"closed","sticky":false,"template":"","format":"standard","meta":{"_crdt_document":"","_exactmetrics_skip_tracking":false,"_exactmetrics_sitenote_active":false,"_exactmetrics_sitenote_note":"","_exactmetrics_sitenote_category":0,"footnotes":""},"categories":[80,36,88,37,23,82,31,69],"tags":[71,72,74,76,28,75,30],"class_list":["post-69261","post","type-post","status-publish","format-standard","has-post-thumbnail","hentry","category-derechos-humanos","category-economia","category-justicia","category-medio-ambiente","category-mexico","category-poder-judicial","category-politica","category-ultimas-noticias","tag-alfonso-durazo","tag-claudia-sheinbaum","tag-hermosillo","tag-medio-ambiente","tag-nogales","tag-seguridad-publica","tag-sonora-tierra-de-oportunidades"],"_links":{"self":[{"href":"https:\/\/elpajaritonews.com\/index.php?rest_route=\/wp\/v2\/posts\/69261","targetHints":{"allow":["GET"]}}],"collection":[{"href":"https:\/\/elpajaritonews.com\/index.php?rest_route=\/wp\/v2\/posts"}],"about":[{"href":"https:\/\/elpajaritonews.com\/index.php?rest_route=\/wp\/v2\/types\/post"}],"author":[{"embeddable":true,"href":"https:\/\/elpajaritonews.com\/index.php?rest_route=\/wp\/v2\/users\/2"}],"replies":[{"embeddable":true,"href":"https:\/\/elpajaritonews.com\/index.php?rest_route=%2Fwp%2Fv2%2Fcomments&post=69261"}],"version-history":[{"count":1,"href":"https:\/\/elpajaritonews.com\/index.php?rest_route=\/wp\/v2\/posts\/69261\/revisions"}],"predecessor-version":[{"id":69263,"href":"https:\/\/elpajaritonews.com\/index.php?rest_route=\/wp\/v2\/posts\/69261\/revisions\/69263"}],"wp:featuredmedia":[{"embeddable":true,"href":"https:\/\/elpajaritonews.com\/index.php?rest_route=\/wp\/v2\/media\/69262"}],"wp:attachment":[{"href":"https:\/\/elpajaritonews.com\/index.php?rest_route=%2Fwp%2Fv2%2Fmedia&parent=69261"}],"wp:term":[{"taxonomy":"category","embeddable":true,"href":"https:\/\/elpajaritonews.com\/index.php?rest_route=%2Fwp%2Fv2%2Fcategories&post=69261"},{"taxonomy":"post_tag","embeddable":true,"href":"https:\/\/elpajaritonews.com\/index.php?rest_route=%2Fwp%2Fv2%2Ftags&post=69261"}],"curies":[{"name":"wp","href":"https:\/\/api.w.org\/{rel}","templated":true}]}}