{"id":69264,"date":"2025-12-23T14:16:18","date_gmt":"2025-12-23T21:16:18","guid":{"rendered":"https:\/\/elpajaritonews.com\/?p=69264"},"modified":"2025-12-23T14:16:20","modified_gmt":"2025-12-23T21:16:20","slug":"celebra-ayuntamiento-de-hermosillo-posada-creces-con-familias-de-parque-central","status":"publish","type":"post","link":"https:\/\/elpajaritonews.com\/?p=69264","title":{"rendered":"CELEBRA AYUNTAMIENTO DE HERMOSILLO POSADA CRECES CON FAMILIAS DE PARQUE CENTRAL"},"content":{"rendered":"\n<p class=\"wp-block-paragraph\">Las sonrisas de ni\u00f1as y ni\u00f1os reflejan el verdadero sentido de la Navidad, expres\u00f3 el presidente municipal Antonio \u201cTo\u00f1o\u201d Astiazar\u00e1n al convivir con familias de la colonia Parque Central durante la Posada CRECES, organizada para fortalecer la uni\u00f3n familiar y la convivencia vecinal.<\/p>\n\n\n\n<p class=\"wp-block-paragraph\">El parque de esta colonia del norte de Hermosillo se llen\u00f3 de ambiente festivo propio de la temporada decembrina, donde decenas de familias disfrutaron de m\u00fasica, juegos, color y momentos de alegr\u00eda en un espacio de encuentro comunitario.<\/p>\n\n\n\n<p class=\"wp-block-paragraph\">A la celebraci\u00f3n se sumaron Daniel Garc\u00eda, director de Participaci\u00f3n Ciudadana, y Ram\u00f3n Corral, oficial mayor del Ayuntamiento de Hermosillo, quienes acompa\u00f1aron a las familias en esta jornada de convivencia.<\/p>\n\n\n\n<p class=\"wp-block-paragraph\">\u201cPara nosotros en el Gobierno Municipal lo m\u00e1s importante son las familias hermosillenses; por eso promovemos este tipo de encuentros, para convivir en familia, para que nuestras ni\u00f1as y nuestros ni\u00f1os se diviertan, pero sobre todo para ver sus caras felices en estas fechas tan especiales\u201d, expres\u00f3 el presidente municipal.<\/p>\n\n\n\n<p class=\"wp-block-paragraph\">Por su parte, Yesenia Torres, presidenta del Comit\u00e9 CRECES de Parque Central, agradeci\u00f3 la organizaci\u00f3n del convivio y reconoci\u00f3 la cercan\u00eda del Gobierno Municipal con la comunidad, al tiempo que reiter\u00f3 la disposici\u00f3n de seguir trabajando de manera conjunta para fortalecer la vida comunitaria de la colonia.<\/p>\n\n\n\n<p class=\"wp-block-paragraph\">La Posada CRECES represent\u00f3 no solo un espacio de celebraci\u00f3n y convivencia, sino tambi\u00e9n una oportunidad para cerrar el a\u00f1o destacando proyectos pr\u00f3ximos a concretarse en este sector, como el C\u00e1rcamo Norte, cuya nueva infraestructura deportiva beneficiar\u00e1 a m\u00e1s de 374 mil habitantes del norte de Hermosillo.<\/p>\n\n\n\n<p class=\"wp-block-paragraph\"><\/p>\n","protected":false},"excerpt":{"rendered":"<p>Las sonrisas de ni\u00f1as y ni\u00f1os reflejan el verdadero sentido de la Navidad, expres\u00f3 el presidente municipal Antonio \u201cTo\u00f1o\u201d Astiazar\u00e1n al convivir con familias de la colonia Parque Central durante la Posada CRECES, organizada para fortalecer la uni\u00f3n familiar y la convivencia vecinal. El parque de esta colonia del norte de Hermosillo se llen\u00f3 de&#8230;<\/p>\n","protected":false},"author":2,"featured_media":69265,"comment_status":"closed","ping_status":"closed","sticky":false,"template":"","format":"standard","meta":{"_crdt_document":"","_exactmetrics_skip_tracking":false,"_exactmetrics_sitenote_active":false,"_exactmetrics_sitenote_note":"","_exactmetrics_sitenote_category":0,"footnotes":""},"categories":[22,31,27,69],"tags":[74],"class_list":["post-69264","post","type-post","status-publish","format-standard","has-post-thumbnail","hentry","category-escena","category-politica","category-sonora","category-ultimas-noticias","tag-hermosillo"],"_links":{"self":[{"href":"https:\/\/elpajaritonews.com\/index.php?rest_route=\/wp\/v2\/posts\/69264","targetHints":{"allow":["GET"]}}],"collection":[{"href":"https:\/\/elpajaritonews.com\/index.php?rest_route=\/wp\/v2\/posts"}],"about":[{"href":"https:\/\/elpajaritonews.com\/index.php?rest_route=\/wp\/v2\/types\/post"}],"author":[{"embeddable":true,"href":"https:\/\/elpajaritonews.com\/index.php?rest_route=\/wp\/v2\/users\/2"}],"replies":[{"embeddable":true,"href":"https:\/\/elpajaritonews.com\/index.php?rest_route=%2Fwp%2Fv2%2Fcomments&post=69264"}],"version-history":[{"count":1,"href":"https:\/\/elpajaritonews.com\/index.php?rest_route=\/wp\/v2\/posts\/69264\/revisions"}],"predecessor-version":[{"id":69266,"href":"https:\/\/elpajaritonews.com\/index.php?rest_route=\/wp\/v2\/posts\/69264\/revisions\/69266"}],"wp:featuredmedia":[{"embeddable":true,"href":"https:\/\/elpajaritonews.com\/index.php?rest_route=\/wp\/v2\/media\/69265"}],"wp:attachment":[{"href":"https:\/\/elpajaritonews.com\/index.php?rest_route=%2Fwp%2Fv2%2Fmedia&parent=69264"}],"wp:term":[{"taxonomy":"category","embeddable":true,"href":"https:\/\/elpajaritonews.com\/index.php?rest_route=%2Fwp%2Fv2%2Fcategories&post=69264"},{"taxonomy":"post_tag","embeddable":true,"href":"https:\/\/elpajaritonews.com\/index.php?rest_route=%2Fwp%2Fv2%2Ftags&post=69264"}],"curies":[{"name":"wp","href":"https:\/\/api.w.org\/{rel}","templated":true}]}}