{"id":69274,"date":"2025-12-24T10:09:05","date_gmt":"2025-12-24T17:09:05","guid":{"rendered":"https:\/\/elpajaritonews.com\/?p=69274"},"modified":"2025-12-24T10:09:07","modified_gmt":"2025-12-24T17:09:07","slug":"emiten-25-ordenes-de-aprehension-por-tragedia-en-waldos-hermosillo","status":"publish","type":"post","link":"https:\/\/elpajaritonews.com\/?p=69274","title":{"rendered":"EMITEN 25 \u00d3RDENES DE APREHENSI\u00d3N POR TRAGEDIA EN WALDO&#8217;S HERMOSILLO"},"content":{"rendered":"\n<p class=\"wp-block-paragraph\">Alejandro Matty Ortega<\/p>\n\n\n\n<p class=\"wp-block-paragraph\">A casi dos meses de la tragedia ocurrida el pasado 1 de noviembre, cuando un incendio consumi\u00f3 la tienda Waldo\u2019s en Hermosillo y dej\u00f3 un saldo devastador de 24 v\u00edctimas mortales y personas lesionadas, la investigaci\u00f3n judicial dio un giro decisivo con el libramiento de m\u00faltiples \u00f3rdenes de aprehensi\u00f3n en contra de particulares y exfuncionarios p\u00fablicos presuntamente vinculados con los hechos.<\/p>\n\n\n\n<p class=\"wp-block-paragraph\">De acuerdo con resoluciones judiciales debidamente certificadas, las autoridades concedieron \u00f3rdenes de aprehensi\u00f3n por conductas culposas con resultado de homicidio, aborto, lesiones de diversa gravedad, da\u00f1os por incendio e incumplimiento de deberes legales, derivadas de la tragedia que conmocion\u00f3 a la capital sonorense.<\/p>\n\n\n\n<figure class=\"wp-block-image size-full\"><img loading=\"lazy\" decoding=\"async\" width=\"771\" height=\"868\" src=\"https:\/\/elpajaritonews.com\/wp-content\/uploads\/2025\/12\/8014148c-3438-49ea-addb-f098d601c717.jpg\" alt=\"\" class=\"wp-image-69276\" srcset=\"https:\/\/elpajaritonews.com\/wp-content\/uploads\/2025\/12\/8014148c-3438-49ea-addb-f098d601c717.jpg 771w, https:\/\/elpajaritonews.com\/wp-content\/uploads\/2025\/12\/8014148c-3438-49ea-addb-f098d601c717-266x300.jpg 266w, https:\/\/elpajaritonews.com\/wp-content\/uploads\/2025\/12\/8014148c-3438-49ea-addb-f098d601c717-768x865.jpg 768w\" sizes=\"auto, (max-width: 771px) 100vw, 771px\" \/><\/figure>\n\n\n\n<p class=\"wp-block-paragraph\">Entre los principales se\u00f1alados se encuentra Jos\u00e9 Mart\u00edn Minero Balvanera, contra quien se libr\u00f3 orden de aprehensi\u00f3n por la conducta culposa con resultado de 24 homicidios, as\u00ed como por el delito de aborto; lesiones que tardan en sanar m\u00e1s de quince d\u00edas -algunas de ellas poniendo en peligro la vida-, lesiones de menor gravedad y da\u00f1os por incendio.<\/p>\n\n\n\n<p class=\"wp-block-paragraph\">En el mismo expediente figuran Alberto Jos\u00e9 Galante y Jos\u00e9 Luis Alcal\u00e1 Bernal, se\u00f1alados por delitos culposos con resultado de 24 homicidios, aborto, lesiones graves y da\u00f1os por incendio.<\/p>\n\n\n\n<p class=\"wp-block-paragraph\">En el caso particular de Alcal\u00e1 Bernal, la autoridad judicial a\u00f1adi\u00f3 los delitos de uso de documento falso e incumplimiento de un deber legal, lo que ampl\u00eda su posible responsabilidad penal.<\/p>\n\n\n\n<p class=\"wp-block-paragraph\">Asimismo, se concedieron \u00f3rdenes de aprehensi\u00f3n en contra de Mart\u00edn Eduardo Dessens Bringas, Lissette L\u00f3pez God\u00ednez, Emanuel Valenzuela Tapia, Jes\u00fas Fabi\u00e1n Valenzuela Torres, Viviana Mirazo Granillo, Ernesto Ruiz Carre\u00f3n, Jes\u00fas \u00c1ngel Romero C\u00f3rdova, Armando Casta\u00f1eda S\u00e1nchez y Jes\u00fas Fernand Morales Flores.<\/p>\n\n\n\n<p class=\"wp-block-paragraph\">A este grupo se le atribuyen conductas culposas con resultado de homicidio en n\u00famero de veinticuatro, aborto, lesiones de diversa consideraci\u00f3n, da\u00f1os por incendio e incumplimiento de un deber legal, presuntamente relacionados con omisiones y decisiones que habr\u00edan incidido en la magnitud de la tragedia.<\/p>\n\n\n\n<p class=\"wp-block-paragraph\">En un tercer bloque, la autoridad judicial libr\u00f3 \u00f3rdenes de aprehensi\u00f3n por el delito de incumplimiento de un deber legal en contra de Sergio Orlando Flores, Alejandro L\u00f3pez Parada, G. Roberto Saracco Morales, Santa Agustina Aguilar Castillo, Jos\u00e9 Eufemio Carrillo Ator, Astarte Corro Ruiz, Mart\u00edn Manuel Mart\u00ednez Medina, Carlos Jes\u00fas Arias, Juan Gonz\u00e1lez Alvarado, Flor Rosa Ayala Robles Linares, Joaqu\u00edn Rodr\u00edguez Vejar, Edu Alejo Acu\u00f1a Padilla y Florencio D\u00edaz Amenta.<\/p>\n\n\n\n<p class=\"wp-block-paragraph\">En este grupo se encuentran exfuncionarios y funcionarios vinculados a \u00e1reas clave como Protecci\u00f3n Civil estatal y municipal, Inspecci\u00f3n y Vigilancia, la Cidue y la Secretar\u00eda del Ayuntamiento.<\/p>\n\n\n\n<p class=\"wp-block-paragraph\">Las personas se\u00f1aladas incluyen due\u00f1os, accionistas, gerentes, directores responsables de obra, as\u00ed como ex y actuales servidores p\u00fablicos que, de acuerdo con la investigaci\u00f3n, ten\u00edan responsabilidades directas o indirectas en la supervisi\u00f3n, autorizaci\u00f3n y vigilancia del inmueble siniestrado.<\/p>\n\n\n\n<p class=\"wp-block-paragraph\">Las \u00f3rdenes de aprehensi\u00f3n marcan un punto crucial en el proceso judicial por uno de los incendios m\u00e1s tr\u00e1gicos registrados en Hermosillo en a\u00f1os recientes como el de la Guarder\u00eda ABC ocurrido el pasado 5 de junio del 2009.<\/p>\n\n\n\n<p class=\"wp-block-paragraph\">Para las familias de las v\u00edctimas, representan un avance en la exigencia de justicia; para las autoridades, un mensaje sobre la responsabilidad legal que implica la omisi\u00f3n, la negligencia y el incumplimiento de los deberes en materia de seguridad y protecci\u00f3n civil.<\/p>\n\n\n\n<p class=\"wp-block-paragraph\">El caso contin\u00faa su curso en los tribunales.<\/p>\n\n\n\n<p class=\"wp-block-paragraph\">Mientras tanto, la ciudad sigue a la espera de que las responsabilidades penales se esclarezcan plenamente y de que los hechos del 1 de noviembre no queden en la memoria colectiva como una tragedia impune.<\/p>\n\n\n\n<p class=\"wp-block-paragraph\">En Hermosillo, la cultura de la prevenci\u00f3n qued\u00f3 subordinada a la cultura del tr\u00e1mite.<\/p>\n\n\n\n<p class=\"wp-block-paragraph\">Las tragedias demostraron que los sellos y los oficios no apagan incendios.<\/p>\n\n\n\n<p class=\"wp-block-paragraph\">Expertos en gesti\u00f3n de riesgos consultados han advertido que M\u00e9xico contin\u00faa sin consolidar un sistema nacional eficaz.<\/p>\n\n\n\n<p class=\"wp-block-paragraph\">Las dependencias de Protecci\u00f3n Civil operan con recursos limitados, sin autonom\u00eda t\u00e9cnica ni mecanismos de control ciudadano.<\/p>\n\n\n\n<p class=\"wp-block-paragraph\">El resultado es un pa\u00eds donde la vida cotidiana transcurre sobre una base de riesgo permanente.<\/p>\n\n\n\n<p class=\"wp-block-paragraph\">M\u00e9xico parece atrapado en un bucle hist\u00f3rico.<\/p>\n\n\n\n<p class=\"wp-block-paragraph\">La tragedia de la Guarder\u00eda ABC debi\u00f3 transformar la forma en que se regulan los espacios p\u00fablicos y privado y no lo hizo.<\/p>\n\n\n\n<p class=\"wp-block-paragraph\">En Hermosillo, el memorial de la Guarder\u00eda ABC y las flores frente a la tienda Waldo\u2019s simbolizan el precio de la negligencia.<\/p>\n\n\n\n<p class=\"wp-block-paragraph\">Mientras haya quien recuerde, investigue y escriba, habr\u00e1 posibilidad de que esas historias no se repitan.<\/p>\n\n\n\n<p class=\"wp-block-paragraph\">Porque cada tragedia exige justicia y exige que el Estado aprenda, act\u00fae y deje de fallar.<\/p>\n\n\n\n<p class=\"wp-block-paragraph\">Y en ese aprendizaje pendiente, M\u00e9xico sigue mir\u00e1ndose al espejo, con las mismas heridas abiertas y las mismas preguntas sin respuesta.<\/p>\n","protected":false},"excerpt":{"rendered":"<p>Alejandro Matty Ortega A casi dos meses de la tragedia ocurrida el pasado 1 de noviembre, cuando un incendio consumi\u00f3 la tienda Waldo\u2019s en Hermosillo y dej\u00f3 un saldo devastador de 24 v\u00edctimas mortales y personas lesionadas, la investigaci\u00f3n judicial dio un giro decisivo con el libramiento de m\u00faltiples \u00f3rdenes de aprehensi\u00f3n en contra de&#8230;<\/p>\n","protected":false},"author":2,"featured_media":69275,"comment_status":"closed","ping_status":"closed","sticky":false,"template":"","format":"standard","meta":{"_crdt_document":"","_exactmetrics_skip_tracking":false,"_exactmetrics_sitenote_active":false,"_exactmetrics_sitenote_note":"","_exactmetrics_sitenote_category":0,"footnotes":""},"categories":[80,88,26,82,1,27,69],"tags":[71,72,74,75],"class_list":["post-69274","post","type-post","status-publish","format-standard","has-post-thumbnail","hentry","category-derechos-humanos","category-justicia","category-local","category-poder-judicial","category-seguridad","category-sonora","category-ultimas-noticias","tag-alfonso-durazo","tag-claudia-sheinbaum","tag-hermosillo","tag-seguridad-publica"],"_links":{"self":[{"href":"https:\/\/elpajaritonews.com\/index.php?rest_route=\/wp\/v2\/posts\/69274","targetHints":{"allow":["GET"]}}],"collection":[{"href":"https:\/\/elpajaritonews.com\/index.php?rest_route=\/wp\/v2\/posts"}],"about":[{"href":"https:\/\/elpajaritonews.com\/index.php?rest_route=\/wp\/v2\/types\/post"}],"author":[{"embeddable":true,"href":"https:\/\/elpajaritonews.com\/index.php?rest_route=\/wp\/v2\/users\/2"}],"replies":[{"embeddable":true,"href":"https:\/\/elpajaritonews.com\/index.php?rest_route=%2Fwp%2Fv2%2Fcomments&post=69274"}],"version-history":[{"count":1,"href":"https:\/\/elpajaritonews.com\/index.php?rest_route=\/wp\/v2\/posts\/69274\/revisions"}],"predecessor-version":[{"id":69277,"href":"https:\/\/elpajaritonews.com\/index.php?rest_route=\/wp\/v2\/posts\/69274\/revisions\/69277"}],"wp:featuredmedia":[{"embeddable":true,"href":"https:\/\/elpajaritonews.com\/index.php?rest_route=\/wp\/v2\/media\/69275"}],"wp:attachment":[{"href":"https:\/\/elpajaritonews.com\/index.php?rest_route=%2Fwp%2Fv2%2Fmedia&parent=69274"}],"wp:term":[{"taxonomy":"category","embeddable":true,"href":"https:\/\/elpajaritonews.com\/index.php?rest_route=%2Fwp%2Fv2%2Fcategories&post=69274"},{"taxonomy":"post_tag","embeddable":true,"href":"https:\/\/elpajaritonews.com\/index.php?rest_route=%2Fwp%2Fv2%2Ftags&post=69274"}],"curies":[{"name":"wp","href":"https:\/\/api.w.org\/{rel}","templated":true}]}}