{"id":69278,"date":"2025-12-24T12:17:50","date_gmt":"2025-12-24T19:17:50","guid":{"rendered":"https:\/\/elpajaritonews.com\/?p=69278"},"modified":"2025-12-24T12:17:52","modified_gmt":"2025-12-24T19:17:52","slug":"que-la-union-y-la-solidaridad-iluminen-nuestros-hogares-esta-navidad-gobernador-durazo","status":"publish","type":"post","link":"https:\/\/elpajaritonews.com\/?p=69278","title":{"rendered":"QUE LA UNI\u00d3N Y LA SOLIDARIDAD ILUMINEN NUESTROS HOGARES ESTA NAVIDAD: GOBERNADOR DURAZO"},"content":{"rendered":"\n<p class=\"wp-block-paragraph\">-El gobernador Alfonso Durazo Monta\u00f1o invit\u00f3 a las familias sonorenses a vivir la Navidad como un tiempo de uni\u00f3n, solidaridad y paz, fortaleciendo los valores que dan sentido a la vida en comunidad.<\/p>\n\n\n\n<p class=\"wp-block-paragraph\">-Reiter\u00f3 su compromiso de seguir gobernando con cercan\u00eda, sensibilidad social y responsabilidad, en favor del bienestar de todas y todos.<\/p>\n\n\n\n<p class=\"wp-block-paragraph\">En el marco de las celebraciones decembrinas, el gobernador Alfonso Durazo Monta\u00f1o invit\u00f3 a las familias sonorenses a la reflexi\u00f3n, al destacar esta temporada como un tiempo propicio para el reencuentro y el fortalecimiento de los lazos de unidad, solidaridad y paz que dan identidad a la sociedad sonorense.<\/p>\n\n\n\n<p class=\"wp-block-paragraph\">El mandatario estatal se\u00f1al\u00f3 que la Navidad tambi\u00e9n representa una oportunidad para fortalecer el cuidado y la responsabilidad comunitaria, as\u00ed como para reafirmar valores fundamentales como la empat\u00eda, el respeto y el apoyo mutuo, indispensables para construir bienestar y una convivencia arm\u00f3nica.<\/p>\n\n\n\n<p class=\"wp-block-paragraph\">\u201cQue esta Navidad llegue a sus hogares con paz y con el cari\u00f1o de quienes forman parte de su vida. Deseo que todas las familias sonorenses encuentren en estos d\u00edas un momento de descanso, de uni\u00f3n y de serena alegr\u00eda\u201d, expres\u00f3 el gobernador.<\/p>\n\n\n\n<p class=\"wp-block-paragraph\">Durazo Monta\u00f1o resalt\u00f3 la solidaridad que caracteriza al pueblo de Sonora: una comunidad generosa que, aun en los momentos dif\u00edciles, extiende la mano sin esperar nada a cambio, reflejando la grandeza humana y el esp\u00edritu colectivo que fortalece a la entidad.<\/p>\n","protected":false},"excerpt":{"rendered":"<p>-El gobernador Alfonso Durazo Monta\u00f1o invit\u00f3 a las familias sonorenses a vivir la Navidad como un tiempo de uni\u00f3n, solidaridad y paz, fortaleciendo los valores que dan sentido a la vida en comunidad. -Reiter\u00f3 su compromiso de seguir gobernando con cercan\u00eda, sensibilidad social y responsabilidad, en favor del bienestar de todas y todos. En el&#8230;<\/p>\n","protected":false},"author":2,"featured_media":69279,"comment_status":"closed","ping_status":"closed","sticky":false,"template":"","format":"standard","meta":{"_crdt_document":"","_exactmetrics_skip_tracking":false,"_exactmetrics_sitenote_active":false,"_exactmetrics_sitenote_note":"","_exactmetrics_sitenote_category":0,"footnotes":""},"categories":[22,26,31,27,69],"tags":[71,74,28,30],"class_list":["post-69278","post","type-post","status-publish","format-standard","has-post-thumbnail","hentry","category-escena","category-local","category-politica","category-sonora","category-ultimas-noticias","tag-alfonso-durazo","tag-hermosillo","tag-nogales","tag-sonora-tierra-de-oportunidades"],"_links":{"self":[{"href":"https:\/\/elpajaritonews.com\/index.php?rest_route=\/wp\/v2\/posts\/69278","targetHints":{"allow":["GET"]}}],"collection":[{"href":"https:\/\/elpajaritonews.com\/index.php?rest_route=\/wp\/v2\/posts"}],"about":[{"href":"https:\/\/elpajaritonews.com\/index.php?rest_route=\/wp\/v2\/types\/post"}],"author":[{"embeddable":true,"href":"https:\/\/elpajaritonews.com\/index.php?rest_route=\/wp\/v2\/users\/2"}],"replies":[{"embeddable":true,"href":"https:\/\/elpajaritonews.com\/index.php?rest_route=%2Fwp%2Fv2%2Fcomments&post=69278"}],"version-history":[{"count":1,"href":"https:\/\/elpajaritonews.com\/index.php?rest_route=\/wp\/v2\/posts\/69278\/revisions"}],"predecessor-version":[{"id":69280,"href":"https:\/\/elpajaritonews.com\/index.php?rest_route=\/wp\/v2\/posts\/69278\/revisions\/69280"}],"wp:featuredmedia":[{"embeddable":true,"href":"https:\/\/elpajaritonews.com\/index.php?rest_route=\/wp\/v2\/media\/69279"}],"wp:attachment":[{"href":"https:\/\/elpajaritonews.com\/index.php?rest_route=%2Fwp%2Fv2%2Fmedia&parent=69278"}],"wp:term":[{"taxonomy":"category","embeddable":true,"href":"https:\/\/elpajaritonews.com\/index.php?rest_route=%2Fwp%2Fv2%2Fcategories&post=69278"},{"taxonomy":"post_tag","embeddable":true,"href":"https:\/\/elpajaritonews.com\/index.php?rest_route=%2Fwp%2Fv2%2Ftags&post=69278"}],"curies":[{"name":"wp","href":"https:\/\/api.w.org\/{rel}","templated":true}]}}