{"id":69298,"date":"2025-12-26T01:18:10","date_gmt":"2025-12-26T08:18:10","guid":{"rendered":"https:\/\/elpajaritonews.com\/?p=69298"},"modified":"2025-12-26T01:18:12","modified_gmt":"2025-12-26T08:18:12","slug":"en-hermosillo-y-sonora-personas-con-discapacidad-enfrentan-una-brecha-de-ingresos-que-impacta-su-dignidad-y-bienestar","status":"publish","type":"post","link":"https:\/\/elpajaritonews.com\/?p=69298","title":{"rendered":"EN HERMOSILLO Y SONORA, PERSONAS CON DISCAPACIDAD ENFRENTAN UNA BRECHA DE INGRESOS QUE IMPACTA SU DIGNIDAD Y BIENESTAR"},"content":{"rendered":"\n<p class=\"wp-block-paragraph\">En el estado de Sonora, donde alrededor del 7 por ciento de la poblaci\u00f3n vive con alguna discapacidad, la disparidad en los ingresos con respecto a la poblaci\u00f3n sin discapacidad es un reflejo de desigualdades profundas que afectan la calidad de vida y las oportunidades econ\u00f3micas de miles de familias.<\/p>\n\n\n\n<p class=\"wp-block-paragraph\">De acuerdo con datos recientes de la Encuesta Nacional de Ingresos y Gastos de los Hogares (ENIGH), en Sonora el ingreso promedio trimestral de una persona con discapacidad es de 19 916 pesos, cifra considerablemente menor que los 29 077 pesos que perciben aquellas sin discapacidad.<\/p>\n\n\n\n<p class=\"wp-block-paragraph\">Esta brecha implica no s\u00f3lo una menor capacidad de cubrir necesidades b\u00e1sicas, sino tambi\u00e9n mayores riesgos de caer en condiciones de vulnerabilidad econ\u00f3mica.<\/p>\n\n\n\n<p class=\"wp-block-paragraph\">La situaci\u00f3n econ\u00f3mica de las personas con discapacidad en Sonora se refleja con mayor crudeza en aquellos que enfrentan limitaciones para desplazarse o realizar actividades cotidianas. La prevalencia de discapacidades motrices y visuales \u2014las m\u00e1s comunes en la entidad\u2014 intensifica la dificultad de acceder a empleos bien remunerados y a servicios de apoyo adecuados.<\/p>\n\n\n\n<p class=\"wp-block-paragraph\">Dossier Pol\u00edtico<\/p>\n\n\n\n<p class=\"wp-block-paragraph\">M\u00e1s all\u00e1 de los datos, estas cifras representan historias de vida: personas que luchan diariamente por insertarse en un mercado laboral que no siempre reconoce sus capacidades, y que ven c\u00f3mo sus ingresos quedan rezagados frente al costo de la vida en la regi\u00f3n. La desigualdad econ\u00f3mica que enfrentan no es un problema puramente estad\u00edstico; tiene implicaciones directas en su acceso a la educaci\u00f3n, a la salud, a la movilidad y a la participaci\u00f3n plena en la vida social y comunitaria.<\/p>\n\n\n\n<p class=\"wp-block-paragraph\">En Hermosillo, la capital estatal, esta realidad es palpable en barrios y plazas donde conviven quienes trabajan jornadas largas por salarios bajos con quienes buscan empleo formal sin encontrar oportunidades incluyentes. La brecha salarial \u2014y las barreras estructurales que la sostienen\u2014 exige no solo datos, sino pol\u00edticas p\u00fablicas sostenidas que aseguren empleos dignos, apoyos adecuados y servicios accesibles para las personas con discapacidad.<\/p>\n\n\n\n<p class=\"wp-block-paragraph\">Fuente: Instituto Nacional de Estad\u00edstica y Geograf\u00eda (INEGI) y ENIGH 2022, datos espec\u00edficos para Sonora.<\/p>\n\n\n\n<p class=\"wp-block-paragraph\"><a href=\"https:\/\/www.facebook.com\/hashtag\/inegi?__eep__=6&amp;__cft__[0]=AZbam8GWxcgJDD_YHrquCOoC-eiNfDt_MQe8z1BoirCiPMn4thXv0erRpXDMxKmcO0HmzI_bCcgoyfIFhvdrIsA7N08Y4bc1kktYBzaA21J10i3MqN1M3LcDQtdbhYJIkOyGEUjMzAFxzE5Jww_uhh6i&amp;__tn__=*NK-R\">#INEGI<\/a><\/p>\n","protected":false},"excerpt":{"rendered":"<p>En el estado de Sonora, donde alrededor del 7 por ciento de la poblaci\u00f3n vive con alguna discapacidad, la disparidad en los ingresos con respecto a la poblaci\u00f3n sin discapacidad es un reflejo de desigualdades profundas que afectan la calidad de vida y las oportunidades econ\u00f3micas de miles de familias. De acuerdo con datos recientes&#8230;<\/p>\n","protected":false},"author":2,"featured_media":69299,"comment_status":"closed","ping_status":"closed","sticky":false,"template":"","format":"standard","meta":{"_crdt_document":"","_exactmetrics_skip_tracking":false,"_exactmetrics_sitenote_active":false,"_exactmetrics_sitenote_note":"","_exactmetrics_sitenote_category":0,"footnotes":""},"categories":[80,36,26,23,31,32,1,27,84,69],"tags":[71,72,74,28,75],"class_list":["post-69298","post","type-post","status-publish","format-standard","has-post-thumbnail","hentry","category-derechos-humanos","category-economia","category-local","category-mexico","category-politica","category-salud","category-seguridad","category-sonora","category-turismo","category-ultimas-noticias","tag-alfonso-durazo","tag-claudia-sheinbaum","tag-hermosillo","tag-nogales","tag-seguridad-publica"],"_links":{"self":[{"href":"https:\/\/elpajaritonews.com\/index.php?rest_route=\/wp\/v2\/posts\/69298","targetHints":{"allow":["GET"]}}],"collection":[{"href":"https:\/\/elpajaritonews.com\/index.php?rest_route=\/wp\/v2\/posts"}],"about":[{"href":"https:\/\/elpajaritonews.com\/index.php?rest_route=\/wp\/v2\/types\/post"}],"author":[{"embeddable":true,"href":"https:\/\/elpajaritonews.com\/index.php?rest_route=\/wp\/v2\/users\/2"}],"replies":[{"embeddable":true,"href":"https:\/\/elpajaritonews.com\/index.php?rest_route=%2Fwp%2Fv2%2Fcomments&post=69298"}],"version-history":[{"count":1,"href":"https:\/\/elpajaritonews.com\/index.php?rest_route=\/wp\/v2\/posts\/69298\/revisions"}],"predecessor-version":[{"id":69300,"href":"https:\/\/elpajaritonews.com\/index.php?rest_route=\/wp\/v2\/posts\/69298\/revisions\/69300"}],"wp:featuredmedia":[{"embeddable":true,"href":"https:\/\/elpajaritonews.com\/index.php?rest_route=\/wp\/v2\/media\/69299"}],"wp:attachment":[{"href":"https:\/\/elpajaritonews.com\/index.php?rest_route=%2Fwp%2Fv2%2Fmedia&parent=69298"}],"wp:term":[{"taxonomy":"category","embeddable":true,"href":"https:\/\/elpajaritonews.com\/index.php?rest_route=%2Fwp%2Fv2%2Fcategories&post=69298"},{"taxonomy":"post_tag","embeddable":true,"href":"https:\/\/elpajaritonews.com\/index.php?rest_route=%2Fwp%2Fv2%2Ftags&post=69298"}],"curies":[{"name":"wp","href":"https:\/\/api.w.org\/{rel}","templated":true}]}}