{"id":69301,"date":"2025-12-26T01:50:33","date_gmt":"2025-12-26T08:50:33","guid":{"rendered":"https:\/\/elpajaritonews.com\/?p=69301"},"modified":"2025-12-26T01:50:36","modified_gmt":"2025-12-26T08:50:36","slug":"sheinbaum-obliga-a-grupo-mexico-a-pagar-por-el-desastre-ambiental-en-sonora","status":"publish","type":"post","link":"https:\/\/elpajaritonews.com\/?p=69301","title":{"rendered":"SHEINBAUM OBLIGA A GRUPO M\u00c9XICO A PAGAR POR EL DESASTRE AMBIENTAL EN SONORA"},"content":{"rendered":"\n<p class=\"wp-block-paragraph\">La presidenta Claudia Sheinbaum anunci\u00f3 que Grupo M\u00e9xico, propiedad de Germ\u00e1n Larrea, finalmente pagar\u00e1 la limpieza y el resarcimiento por los da\u00f1os provocados en los r\u00edos Sonora y Bacanuchi tras el derrame t\u00f3xico ocurrido en 2014 en la mina Buenavista del Cobre, en Cananea.<\/p>\n\n\n\n<p class=\"wp-block-paragraph\">Durante su conferencia matutina, Sheinbaum adelant\u00f3 que en Sonora se informar\u00e1 sobre las obras de remediaci\u00f3n que la empresa se neg\u00f3 a concluir durante m\u00e1s de una d\u00e9cada. Estas acciones incluyen la construcci\u00f3n de cl\u00ednicas, el monitoreo permanente de la calidad del agua y la remediaci\u00f3n de suelos contaminados, en atenci\u00f3n a las demandas de las comunidades afectadas.<\/p>\n\n\n\n<p class=\"wp-block-paragraph\">El derrame, ocurrido el 6 de agosto de 2014, liber\u00f3 millones de litros de residuos con sulfato de cobre que contaminaron r\u00edos y afectaron a poblaciones que dependen del agua para consumo, agricultura y ganader\u00eda. Pese a resoluciones judiciales y estudios oficiales que confirman la sobreexplotaci\u00f3n de acu\u00edferos, la empresa hab\u00eda evadido su responsabilidad.<\/p>\n\n\n\n<p class=\"wp-block-paragraph\">El anuncio se suma al reciente acuerdo que puso fin a la huelga minera de Cananea, vigente desde 2007, como parte de un plan integral del Gobierno federal para atender los da\u00f1os ambientales, sociales y laborales en la regi\u00f3n.<\/p>\n","protected":false},"excerpt":{"rendered":"<p>La presidenta Claudia Sheinbaum anunci\u00f3 que Grupo M\u00e9xico, propiedad de Germ\u00e1n Larrea, finalmente pagar\u00e1 la limpieza y el resarcimiento por los da\u00f1os provocados en los r\u00edos Sonora y Bacanuchi tras el derrame t\u00f3xico ocurrido en 2014 en la mina Buenavista del Cobre, en Cananea. Durante su conferencia matutina, Sheinbaum adelant\u00f3 que en Sonora se informar\u00e1&#8230;<\/p>\n","protected":false},"author":2,"featured_media":69302,"comment_status":"closed","ping_status":"closed","sticky":false,"template":"","format":"standard","meta":{"_crdt_document":"","_exactmetrics_skip_tracking":false,"_exactmetrics_sitenote_active":false,"_exactmetrics_sitenote_note":"","_exactmetrics_sitenote_category":0,"footnotes":""},"categories":[80,36,88,26,23,31,32,1,27],"tags":[71,72,76,28,75,30],"class_list":["post-69301","post","type-post","status-publish","format-standard","has-post-thumbnail","hentry","category-derechos-humanos","category-economia","category-justicia","category-local","category-mexico","category-politica","category-salud","category-seguridad","category-sonora","tag-alfonso-durazo","tag-claudia-sheinbaum","tag-medio-ambiente","tag-nogales","tag-seguridad-publica","tag-sonora-tierra-de-oportunidades"],"_links":{"self":[{"href":"https:\/\/elpajaritonews.com\/index.php?rest_route=\/wp\/v2\/posts\/69301","targetHints":{"allow":["GET"]}}],"collection":[{"href":"https:\/\/elpajaritonews.com\/index.php?rest_route=\/wp\/v2\/posts"}],"about":[{"href":"https:\/\/elpajaritonews.com\/index.php?rest_route=\/wp\/v2\/types\/post"}],"author":[{"embeddable":true,"href":"https:\/\/elpajaritonews.com\/index.php?rest_route=\/wp\/v2\/users\/2"}],"replies":[{"embeddable":true,"href":"https:\/\/elpajaritonews.com\/index.php?rest_route=%2Fwp%2Fv2%2Fcomments&post=69301"}],"version-history":[{"count":1,"href":"https:\/\/elpajaritonews.com\/index.php?rest_route=\/wp\/v2\/posts\/69301\/revisions"}],"predecessor-version":[{"id":69303,"href":"https:\/\/elpajaritonews.com\/index.php?rest_route=\/wp\/v2\/posts\/69301\/revisions\/69303"}],"wp:featuredmedia":[{"embeddable":true,"href":"https:\/\/elpajaritonews.com\/index.php?rest_route=\/wp\/v2\/media\/69302"}],"wp:attachment":[{"href":"https:\/\/elpajaritonews.com\/index.php?rest_route=%2Fwp%2Fv2%2Fmedia&parent=69301"}],"wp:term":[{"taxonomy":"category","embeddable":true,"href":"https:\/\/elpajaritonews.com\/index.php?rest_route=%2Fwp%2Fv2%2Fcategories&post=69301"},{"taxonomy":"post_tag","embeddable":true,"href":"https:\/\/elpajaritonews.com\/index.php?rest_route=%2Fwp%2Fv2%2Ftags&post=69301"}],"curies":[{"name":"wp","href":"https:\/\/api.w.org\/{rel}","templated":true}]}}