{"id":69337,"date":"2025-12-27T17:25:12","date_gmt":"2025-12-28T00:25:12","guid":{"rendered":"https:\/\/elpajaritonews.com\/?p=69337"},"modified":"2025-12-27T17:25:15","modified_gmt":"2025-12-28T00:25:15","slug":"caos-burocratico-en-sonora-millones-podrian-quedar-fuera-de-tramites-si-no-certifican-su-curp-para-2026","status":"publish","type":"post","link":"https:\/\/elpajaritonews.com\/?p=69337","title":{"rendered":"CAOS BUROCR\u00c1TICO EN SONORA: MILLONES PODR\u00cdAN QUEDAR FUERA DE TR\u00c1MITES SI NO CERTIFICAN SU CURP PARA 2026"},"content":{"rendered":"\n<p class=\"wp-block-paragraph\">EL GOBIERNO FEDERAL ENDURECE REQUISITOS; SIN EL SELLO DE \u00abVERIFICADA POR EL REGISTRO CIVIL\u00bb, EL DOCUMENTO PERDER\u00c1 VALIDEZ OFICIAL.<\/p>\n\n\n\n<p class=\"wp-block-paragraph\">HERMOSILLO, SONORA. \u2013 Un nuevo \u00abcuello de botella\u00bb administrativo amenaza a los sonorenses. A partir de 2026, la Clave \u00danica de Registro de Poblaci\u00f3n (CURP) dejar\u00e1 de ser un tr\u00e1mite simple: si el documento no cuenta con la certificaci\u00f3n del Registro Civil, ser\u00e1 rechazado en tr\u00e1mites cr\u00edticos como la obtenci\u00f3n del INE, pasaportes y el acceso a programas sociales.<\/p>\n\n\n\n<p class=\"wp-block-paragraph\">La alerta se extiende a todo el estado, ya que la validez del documento ahora depende de que incluya la leyenda: \u201cCURP Certificada: verificada con el Registro Civil\u201d, adem\u00e1s de estar avalada por la actual secretaria de Gobernaci\u00f3n, Rosa Icela Rodr\u00edguez Vel\u00e1zquez.<\/p>\n\n\n\n<p class=\"wp-block-paragraph\">Impacto inmediato en Sonora:<\/p>\n\n\n\n<p class=\"wp-block-paragraph\">Educaci\u00f3n: La SEP advirti\u00f3 que no habr\u00e1 inscripciones ni Becas Benito Ju\u00e1rez sin el formato actualizado.<\/p>\n\n\n\n<p class=\"wp-block-paragraph\">Bienestar: El acceso a pensiones y apoyos federales quedar\u00e1 bloqueado para quienes no regularicen su situaci\u00f3n antes de enero.<\/p>\n\n\n\n<p class=\"wp-block-paragraph\">Telefon\u00eda: Ante las nuevas pol\u00edticas de vinculaci\u00f3n con identificaciones oficiales, incluso el servicio de telefon\u00eda celular (Telcel) podr\u00eda verse afectado a partir del 7 de enero.<\/p>\n\n\n\n<p class=\"wp-block-paragraph\">\u00bfC\u00f3mo prevenir el bloqueo? Las autoridades instan a los ciudadanos a descargar su CURP en el portal oficial (gob.mx\/curp). Si el archivo no aparece como \u00abCertificado\u00bb, los afectados deber\u00e1n acudir de inmediato a las oficinas del Registro Civil en Sonora para digitalizar sus actas de nacimiento o corregir errores de captura, evitando as\u00ed quedar fuera del sistema en 2026.<\/p>\n","protected":false},"excerpt":{"rendered":"<p>EL GOBIERNO FEDERAL ENDURECE REQUISITOS; SIN EL SELLO DE \u00abVERIFICADA POR EL REGISTRO CIVIL\u00bb, EL DOCUMENTO PERDER\u00c1 VALIDEZ OFICIAL. HERMOSILLO, SONORA. \u2013 Un nuevo \u00abcuello de botella\u00bb administrativo amenaza a los sonorenses. A partir de 2026, la Clave \u00danica de Registro de Poblaci\u00f3n (CURP) dejar\u00e1 de ser un tr\u00e1mite simple: si el documento no cuenta&#8230;<\/p>\n","protected":false},"author":2,"featured_media":69338,"comment_status":"closed","ping_status":"closed","sticky":false,"template":"","format":"standard","meta":{"_crdt_document":"","_exactmetrics_skip_tracking":false,"_exactmetrics_sitenote_active":false,"_exactmetrics_sitenote_note":"","_exactmetrics_sitenote_category":0,"footnotes":""},"categories":[18,36,26,23,31,27,69],"tags":[71,72,74,28,75,30],"class_list":["post-69337","post","type-post","status-publish","format-standard","has-post-thumbnail","hentry","category-ciencia","category-economia","category-local","category-mexico","category-politica","category-sonora","category-ultimas-noticias","tag-alfonso-durazo","tag-claudia-sheinbaum","tag-hermosillo","tag-nogales","tag-seguridad-publica","tag-sonora-tierra-de-oportunidades"],"_links":{"self":[{"href":"https:\/\/elpajaritonews.com\/index.php?rest_route=\/wp\/v2\/posts\/69337","targetHints":{"allow":["GET"]}}],"collection":[{"href":"https:\/\/elpajaritonews.com\/index.php?rest_route=\/wp\/v2\/posts"}],"about":[{"href":"https:\/\/elpajaritonews.com\/index.php?rest_route=\/wp\/v2\/types\/post"}],"author":[{"embeddable":true,"href":"https:\/\/elpajaritonews.com\/index.php?rest_route=\/wp\/v2\/users\/2"}],"replies":[{"embeddable":true,"href":"https:\/\/elpajaritonews.com\/index.php?rest_route=%2Fwp%2Fv2%2Fcomments&post=69337"}],"version-history":[{"count":1,"href":"https:\/\/elpajaritonews.com\/index.php?rest_route=\/wp\/v2\/posts\/69337\/revisions"}],"predecessor-version":[{"id":69339,"href":"https:\/\/elpajaritonews.com\/index.php?rest_route=\/wp\/v2\/posts\/69337\/revisions\/69339"}],"wp:featuredmedia":[{"embeddable":true,"href":"https:\/\/elpajaritonews.com\/index.php?rest_route=\/wp\/v2\/media\/69338"}],"wp:attachment":[{"href":"https:\/\/elpajaritonews.com\/index.php?rest_route=%2Fwp%2Fv2%2Fmedia&parent=69337"}],"wp:term":[{"taxonomy":"category","embeddable":true,"href":"https:\/\/elpajaritonews.com\/index.php?rest_route=%2Fwp%2Fv2%2Fcategories&post=69337"},{"taxonomy":"post_tag","embeddable":true,"href":"https:\/\/elpajaritonews.com\/index.php?rest_route=%2Fwp%2Fv2%2Ftags&post=69337"}],"curies":[{"name":"wp","href":"https:\/\/api.w.org\/{rel}","templated":true}]}}