{"id":69343,"date":"2025-12-28T11:47:58","date_gmt":"2025-12-28T18:47:58","guid":{"rendered":"https:\/\/elpajaritonews.com\/?p=69343"},"modified":"2025-12-28T11:48:01","modified_gmt":"2025-12-28T18:48:01","slug":"inversion-historica-en-sonora-programa-la-clinica-es-nuestra-transforma-la-salud-desde-las-comunidades","status":"publish","type":"post","link":"https:\/\/elpajaritonews.com\/?p=69343","title":{"rendered":"INVERSI\u00d3N HIST\u00d3RICA EN SONORA: PROGRAMA \u00abLA CL\u00cdNICA ES NUESTRA\u00bb TRANSFORMA LA SALUD DESDE LAS COMUNIDADES"},"content":{"rendered":"\n<p class=\"wp-block-paragraph\">Con una visi\u00f3n humanista y un enfoque de justicia social, el Gobierno de M\u00e9xico, encabezado por la Presidenta Claudia Sheinbaum Pardo, ha consolidado el programa \u00abLa Cl\u00ednica es Nuestra\u00bb en Sonora. Durante 2025, se ha desplegado una inversi\u00f3n superior a los 134 millones de pesos, marcando un hito en la forma en que se administra el gasto p\u00fablico en materia de salud.<\/p>\n\n\n\n<p class=\"wp-block-paragraph\">UNA ECONOM\u00cdA MORAL: SIN INTERMEDIARIOS<\/p>\n\n\n\n<p class=\"wp-block-paragraph\">El modelo operativo del programa rompe con la burocracia tradicional. Los recursos federales se entregan de manera directa a los Comit\u00e9s de Salud para el Bienestar (COSABI), integrados por ciudadanos locales. Esta estrategia no solo garantiza transparencia, sino que impulsa la econom\u00eda regional al contratar mano de obra local y proveedores de la misma comunidad para las rehabilitaciones.<\/p>\n\n\n\n<p class=\"wp-block-paragraph\">DESGLOSE DE LA INVERSI\u00d3N<\/p>\n\n\n\n<p class=\"wp-block-paragraph\">Octavio Almada Palafox, delegado de Bienestar en la entidad, detall\u00f3 que la distribuci\u00f3n de los fondos asegura una cobertura amplia tanto para derechohabientes como para poblaci\u00f3n abierta:<\/p>\n\n\n\n<p class=\"wp-block-paragraph\">IMSS-Bienestar: Se destinaron 122 millones 200 mil pesos para fortalecer los centros de salud que atienden a la poblaci\u00f3n sin seguridad social.<\/p>\n\n\n\n<p class=\"wp-block-paragraph\">ISSSTE: Se asignaron 12 millones 5 mil pesos para la mejora de unidades m\u00e9dicas de primer contacto para los trabajadores del Estado.<\/p>\n\n\n\n<p class=\"wp-block-paragraph\">IMPACTO EN LA ATENCI\u00d3N Y EL TEJIDO SOCIAL<\/p>\n\n\n\n<p class=\"wp-block-paragraph\">M\u00e1s all\u00e1 de los muros y el equipamiento m\u00e9dico, el programa busca \u00abdignificar\u00bb la experiencia del paciente. Las mejoras incluyen:<\/p>\n\n\n\n<p class=\"wp-block-paragraph\">Rehabilitaci\u00f3n de infraestructura: Espacios funcionales, limpios y seguros.<\/p>\n\n\n\n<p class=\"wp-block-paragraph\">Equipamiento b\u00e1sico: Herramientas necesarias para diagn\u00f3sticos oportunos en el primer nivel de atenci\u00f3n.<\/p>\n\n\n\n<p class=\"wp-block-paragraph\">Participaci\u00f3n Ciudadana: La comunidad deja de ser espectadora para convertirse en ejecutora y vigilante de su propio derecho a la salud.<\/p>\n\n\n\n<p class=\"wp-block-paragraph\">\u00abAqu\u00ed no hay intermediarios, son las propias comunidades las que deciden c\u00f3mo mejorar sus cl\u00ednicas&#8230; poniendo la salud en manos del pueblo\u00bb, afirm\u00f3 Almada Palafox.<\/p>\n\n\n\n<p class=\"wp-block-paragraph\">HACIA UN SISTEMA EQUITATIVO<\/p>\n\n\n\n<p class=\"wp-block-paragraph\">Con esta inversi\u00f3n, Sonora se posiciona como un referente en la reducci\u00f3n del rezago hist\u00f3rico en infraestructura m\u00e9dica. Al fortalecer el primer nivel de atenci\u00f3n, se reduce la saturaci\u00f3n en hospitales de especialidad y se ofrece una respuesta m\u00e1s r\u00e1pida y humana a las familias sonorenses en sus propios barrios y municipios.<\/p>\n","protected":false},"excerpt":{"rendered":"<p>Con una visi\u00f3n humanista y un enfoque de justicia social, el Gobierno de M\u00e9xico, encabezado por la Presidenta Claudia Sheinbaum Pardo, ha consolidado el programa \u00abLa Cl\u00ednica es Nuestra\u00bb en Sonora. Durante 2025, se ha desplegado una inversi\u00f3n superior a los 134 millones de pesos, marcando un hito en la forma en que se administra&#8230;<\/p>\n","protected":false},"author":2,"featured_media":69344,"comment_status":"closed","ping_status":"closed","sticky":false,"template":"","format":"standard","meta":{"_crdt_document":"","_exactmetrics_skip_tracking":false,"_exactmetrics_sitenote_active":false,"_exactmetrics_sitenote_note":"","_exactmetrics_sitenote_category":0,"footnotes":""},"categories":[80,36,26,31,1,27,69],"tags":[71,72,101],"class_list":["post-69343","post","type-post","status-publish","format-standard","has-post-thumbnail","hentry","category-derechos-humanos","category-economia","category-local","category-politica","category-seguridad","category-sonora","category-ultimas-noticias","tag-alfonso-durazo","tag-claudia-sheinbaum","tag-octavio-almada-palafox"],"_links":{"self":[{"href":"https:\/\/elpajaritonews.com\/index.php?rest_route=\/wp\/v2\/posts\/69343","targetHints":{"allow":["GET"]}}],"collection":[{"href":"https:\/\/elpajaritonews.com\/index.php?rest_route=\/wp\/v2\/posts"}],"about":[{"href":"https:\/\/elpajaritonews.com\/index.php?rest_route=\/wp\/v2\/types\/post"}],"author":[{"embeddable":true,"href":"https:\/\/elpajaritonews.com\/index.php?rest_route=\/wp\/v2\/users\/2"}],"replies":[{"embeddable":true,"href":"https:\/\/elpajaritonews.com\/index.php?rest_route=%2Fwp%2Fv2%2Fcomments&post=69343"}],"version-history":[{"count":1,"href":"https:\/\/elpajaritonews.com\/index.php?rest_route=\/wp\/v2\/posts\/69343\/revisions"}],"predecessor-version":[{"id":69345,"href":"https:\/\/elpajaritonews.com\/index.php?rest_route=\/wp\/v2\/posts\/69343\/revisions\/69345"}],"wp:featuredmedia":[{"embeddable":true,"href":"https:\/\/elpajaritonews.com\/index.php?rest_route=\/wp\/v2\/media\/69344"}],"wp:attachment":[{"href":"https:\/\/elpajaritonews.com\/index.php?rest_route=%2Fwp%2Fv2%2Fmedia&parent=69343"}],"wp:term":[{"taxonomy":"category","embeddable":true,"href":"https:\/\/elpajaritonews.com\/index.php?rest_route=%2Fwp%2Fv2%2Fcategories&post=69343"},{"taxonomy":"post_tag","embeddable":true,"href":"https:\/\/elpajaritonews.com\/index.php?rest_route=%2Fwp%2Fv2%2Ftags&post=69343"}],"curies":[{"name":"wp","href":"https:\/\/api.w.org\/{rel}","templated":true}]}}