{"id":69346,"date":"2025-12-28T12:20:00","date_gmt":"2025-12-28T19:20:00","guid":{"rendered":"https:\/\/elpajaritonews.com\/?p=69346"},"modified":"2025-12-28T12:52:17","modified_gmt":"2025-12-28T19:52:17","slug":"descarrila-el-tren-interoceanico-en-oaxaca-marina-y-presidencia-despliegan-operativo-de-emergencia","status":"publish","type":"post","link":"https:\/\/elpajaritonews.com\/?p=69346","title":{"rendered":"DESCARRILA EL TREN INTEROCE\u00c1NICO EN OAXACA: MARINA Y PRESIDENCIA DESPLIEGAN OPERATIVO DE EMERGENCIA"},"content":{"rendered":"\n<p class=\"wp-block-paragraph\"><strong>POR: REDACCI\u00d3N<\/strong><\/p>\n\n\n\n<p class=\"wp-block-paragraph\"><strong>OAXACA.<\/strong>\u2013 El silencio de la zona serrana entre Ch\u00edvela y Nizanda se rompi\u00f3 la ma\u00f1ana de este domingo por el estruendo de un hierro que abandon\u00f3 las v\u00edas. El Tren Interoce\u00e1nico, pieza clave de la conectividad entre los dos oc\u00e9anos, sufri\u00f3 un grave percance en el kil\u00f3metro Z-230+290 de la L\u00ednea Z, dejando a 241 pasajeros y 9 tripulantes en medio de una escena de emergencia que moviliz\u00f3 a los tres niveles de gobierno.<\/p>\n\n\n\n<h3 class=\"wp-block-heading\">El Estruendo en la L\u00ednea Z<\/h3>\n\n\n\n<p class=\"wp-block-paragraph\">Eran las primeras horas del d\u00eda cuando la m\u00e1quina principal del convoy, que avanzaba con destino a Coatzacoalcos, Veracruz, perdi\u00f3 el contacto con los rieles. El saldo t\u00e9cnico inicial: dos locomotoras y cuatro vagones involucrados, con el descarrilamiento total de la unidad motriz. En el lugar, im\u00e1genes captadas por testigos y personal de rescate mostraban la magnitud del evento, con un vag\u00f3n inclinado hacia la profundidad de un barranco colindante.<\/p>\n\n\n\n<h3 class=\"wp-block-heading\">La Postura de la Marina: Control y Peritaje<\/h3>\n\n\n\n<p class=\"wp-block-paragraph\">La <strong>Secretar\u00eda de Marina (SEMAR)<\/strong>, instituci\u00f3n encargada de la operaci\u00f3n del Corredor Interoce\u00e1nico del Istmo de Tehuantepec (CIIT), fue la primera en emitir una postura oficial. A trav\u00e9s de un comunicado, la dependencia enfatiz\u00f3 que la prioridad absoluta fue la evacuaci\u00f3n y atenci\u00f3n de las 250 personas a bordo.<\/p>\n\n\n\n<blockquote class=\"wp-block-quote is-layout-flow wp-block-quote-is-layout-flow\">\n<p class=\"wp-block-paragraph\">\u00abDesde el primer momento, se brinda atenci\u00f3n inmediata a las personas usuarias y se mantiene coordinaci\u00f3n con las autoridades locales para la atenci\u00f3n del suceso, as\u00ed como para el levantamiento de informaci\u00f3n t\u00e9cnica y operativa correspondiente\u00bb, se\u00f1al\u00f3 la SEMAR.<\/p>\n<\/blockquote>\n\n\n\n<p class=\"wp-block-paragraph\">La Marina confirm\u00f3 que ya se encuentra en marcha un equipo de peritos para determinar si el fallo fue producto de un error humano, una falla mec\u00e1nica o un problema en la infraestructura de la v\u00eda.<\/p>\n\n\n\n<h3 class=\"wp-block-heading\">La Presidenta: Coordinaci\u00f3n de Emergencia<\/h3>\n\n\n\n<p class=\"wp-block-paragraph\">Casi simult\u00e1neamente, la presidenta de M\u00e9xico, <strong>Claudia Sheinbaum Pardo<\/strong>, utiliz\u00f3 sus redes sociales para enviar un mensaje de certidumbre a la ciudadan\u00eda y a los familiares de los pasajeros. Su postura fue clara: todos los recursos del Estado est\u00e1n volcados a la zona del accidente.<\/p>\n\n\n\n<p class=\"wp-block-paragraph\">La mandataria inform\u00f3 que existe una mesa de trabajo permanente entre la <strong>SICT<\/strong>, el <strong>IMSS-Bienestar<\/strong> y el <strong>Gobierno del Estado de Oaxaca<\/strong> para garantizar que ning\u00fan herido quede sin atenci\u00f3n. \u00abEstamos atentos a los trabajos para apoyar a usuarios&#8230; Conforme tengamos m\u00e1s datos ampliaremos la informaci\u00f3n\u00bb, asegur\u00f3 la jefa del Ejecutivo.<\/p>\n\n\n\n<hr class=\"wp-block-separator has-alpha-channel-opacity\"\/>\n\n\n\n<h3 class=\"wp-block-heading\">Escenario en Desarrollo<\/h3>\n\n\n\n<p class=\"wp-block-paragraph\">Mientras las brigadas del IMSS-Bienestar eval\u00faan a los pasajeros para determinar el grado de sus lesiones, la zona permanece resguardada por elementos de seguridad. El tr\u00e1fico ferroviario en la L\u00ednea Z ha quedado suspendido de forma indefinida en tanto se realizan las labores de remoci\u00f3n de la maquinaria y se garantiza la seguridad estructural del tramo Nizanda-Ch\u00edvela.<\/p>\n\n\n\n<p class=\"wp-block-paragraph\">El incidente pone a prueba la capacidad de respuesta de uno de los proyectos insignia del Gobierno Federal, mientras la naci\u00f3n espera el reporte oficial sobre el estado de salud de los 241 viajeros que vivieron momentos de p\u00e1nico en el coraz\u00f3n del Istmo.<\/p>\n","protected":false},"excerpt":{"rendered":"<p>POR: REDACCI\u00d3N OAXACA.\u2013 El silencio de la zona serrana entre Ch\u00edvela y Nizanda se rompi\u00f3 la ma\u00f1ana de este domingo por el estruendo de un hierro que abandon\u00f3 las v\u00edas. El Tren Interoce\u00e1nico, pieza clave de la conectividad entre los dos oc\u00e9anos, sufri\u00f3 un grave percance en el kil\u00f3metro Z-230+290 de la L\u00ednea Z, dejando&#8230;<\/p>\n","protected":false},"author":2,"featured_media":69349,"comment_status":"closed","ping_status":"closed","sticky":false,"template":"","format":"standard","meta":{"_crdt_document":"","_exactmetrics_skip_tracking":false,"_exactmetrics_sitenote_active":false,"_exactmetrics_sitenote_note":"","_exactmetrics_sitenote_category":0,"footnotes":""},"categories":[23,19,1,27,64,84,70],"tags":[72,75],"class_list":["post-69346","post","type-post","status-publish","format-standard","has-post-thumbnail","hentry","category-mexico","category-opinion","category-seguridad","category-sonora","category-travel","category-turismo","category-ultimas-noticia","tag-claudia-sheinbaum","tag-seguridad-publica"],"_links":{"self":[{"href":"https:\/\/elpajaritonews.com\/index.php?rest_route=\/wp\/v2\/posts\/69346","targetHints":{"allow":["GET"]}}],"collection":[{"href":"https:\/\/elpajaritonews.com\/index.php?rest_route=\/wp\/v2\/posts"}],"about":[{"href":"https:\/\/elpajaritonews.com\/index.php?rest_route=\/wp\/v2\/types\/post"}],"author":[{"embeddable":true,"href":"https:\/\/elpajaritonews.com\/index.php?rest_route=\/wp\/v2\/users\/2"}],"replies":[{"embeddable":true,"href":"https:\/\/elpajaritonews.com\/index.php?rest_route=%2Fwp%2Fv2%2Fcomments&post=69346"}],"version-history":[{"count":1,"href":"https:\/\/elpajaritonews.com\/index.php?rest_route=\/wp\/v2\/posts\/69346\/revisions"}],"predecessor-version":[{"id":69348,"href":"https:\/\/elpajaritonews.com\/index.php?rest_route=\/wp\/v2\/posts\/69346\/revisions\/69348"}],"wp:featuredmedia":[{"embeddable":true,"href":"https:\/\/elpajaritonews.com\/index.php?rest_route=\/wp\/v2\/media\/69349"}],"wp:attachment":[{"href":"https:\/\/elpajaritonews.com\/index.php?rest_route=%2Fwp%2Fv2%2Fmedia&parent=69346"}],"wp:term":[{"taxonomy":"category","embeddable":true,"href":"https:\/\/elpajaritonews.com\/index.php?rest_route=%2Fwp%2Fv2%2Fcategories&post=69346"},{"taxonomy":"post_tag","embeddable":true,"href":"https:\/\/elpajaritonews.com\/index.php?rest_route=%2Fwp%2Fv2%2Ftags&post=69346"}],"curies":[{"name":"wp","href":"https:\/\/api.w.org\/{rel}","templated":true}]}}