{"id":69435,"date":"2026-01-01T14:44:51","date_gmt":"2026-01-01T21:44:51","guid":{"rendered":"https:\/\/elpajaritonews.com\/?p=69435"},"modified":"2026-01-01T14:44:53","modified_gmt":"2026-01-01T21:44:53","slug":"entra-en-vigor-el-nuevo-salario-minimo-justicia-laboral-y-retos-economicos-en-sonora","status":"publish","type":"post","link":"https:\/\/elpajaritonews.com\/?p=69435","title":{"rendered":"ENTRA EN VIGOR EL NUEVO SALARIO M\u00cdNIMO; JUSTICIA LABORAL Y RETOS ECON\u00d3MICOS EN SONORA"},"content":{"rendered":"\n<p class=\"wp-block-paragraph\">A partir de las primeras horas de este 1 de enero de 2026, M\u00e9xico inicia una nueva etapa en su pol\u00edtica de recuperaci\u00f3n de ingresos. La Comisi\u00f3n Nacional de los Salarios M\u00ednimos (CONASAMI) y la Secretar\u00eda del Trabajo han formalizado el incremento que busca consolidar el bienestar social en el marco del \u00abSegundo Piso de la Transformaci\u00f3n\u00bb.<\/p>\n\n\n\n<p class=\"wp-block-paragraph\">Un Salto Cuantitativo en el Ingreso Nacional<\/p>\n\n\n\n<p class=\"wp-block-paragraph\">El ajuste para este a\u00f1o no es menor. En la mayor parte del territorio nacional, el salario m\u00ednimo general ha pasado de $278.80 a $315.04 pesos diarios. Este incremento del 13% est\u00e1 compuesto por un factor de inflaci\u00f3n m\u00e1s el Monto Independiente de Recuperaci\u00f3n (MIR), una herramienta dise\u00f1ada espec\u00edficamente para resarcir el poder de compra perdido en d\u00e9cadas anteriores.<\/p>\n\n\n\n<p class=\"wp-block-paragraph\">Desde una perspectiva pol\u00edtica, el Gobierno Federal destaca que el salario m\u00ednimo ha alcanzado una recuperaci\u00f3n hist\u00f3rica del 154% respecto a los niveles de 2018. Este avance se presenta como el eje motor de la justicia social, reduciendo la brecha de desigualdad y fomentando un consumo interno m\u00e1s din\u00e1mico.<\/p>\n\n\n\n<p class=\"wp-block-paragraph\">Sonora: Entre la Frontera y el Desierto<\/p>\n\n\n\n<p class=\"wp-block-paragraph\">Para el estado de Sonora, el impacto de esta medida es dual debido a su geograf\u00eda econ\u00f3mica. El estado se divide en dos realidades salariales:<\/p>\n\n\n\n<p class=\"wp-block-paragraph\">La Franja Fronteriza (ZLFN): En municipios como San Luis R\u00edo Colorado, Nogales y Agua Prieta, el salario m\u00ednimo se ajusta a $440.87 pesos diarios. Pol\u00edticamente, esta \u00abZona Libre\u00bb funciona como un muro de contenci\u00f3n econ\u00f3mico, permitiendo que los trabajadores sonorenses tengan ingresos competitivos frente al costo de vida fronterizo y la paridad cambiaria.<\/p>\n\n\n\n<p class=\"wp-block-paragraph\">El Coraz\u00f3n del Estado: En Hermosillo, Cajeme y el resto de los municipios, rige el salario de $315.04. Aqu\u00ed, el reto es de car\u00e1cter laboral y patronal, pues las peque\u00f1as y medianas empresas (PyMEs) locales deber\u00e1n ajustar sus estructuras de costos para cumplir con la ley sin comprometer la estabilidad de los precios.<\/p>\n\n\n\n<p class=\"wp-block-paragraph\">Implicaciones Sociales y Riesgos Pol\u00edticos<\/p>\n\n\n\n<p class=\"wp-block-paragraph\">El enfoque social de la medida es claro: \u00abProgresividad\u00bb. Al elevar el piso salarial, se empuja al alza toda la estructura de sueldos, beneficiando indirectamente a quienes ganan un poco m\u00e1s del m\u00ednimo. No obstante, en el \u00e1mbito laboral, el sector empresarial ha manifestado la necesidad de acompa\u00f1ar estos aumentos con incentivos a la productividad para evitar que el incremento se traslade \u00edntegramente a la inflaci\u00f3n.<\/p>\n\n\n\n<p class=\"wp-block-paragraph\">Expertos se\u00f1alan que el \u00e9xito de esta medida en Sonora depender\u00e1 de la vigilancia de la Secretar\u00eda del Trabajo para evitar la informalidad, asegurando que el beneficio llegue realmente al bolsillo de las familias y no se quede en un anuncio de papel.<\/p>\n\n\n\n<p class=\"wp-block-paragraph\">Datos Clave del 2026:<\/p>\n\n\n\n<p class=\"wp-block-paragraph\">Salario Mensual (Promedio): $9,582.47 pesos en el centro\/sur y $13,409.80 en la frontera.<\/p>\n\n\n\n<p class=\"wp-block-paragraph\">Poder Adquisitivo: Se busca que el salario m\u00ednimo cubra 2.5 veces la l\u00ednea de bienestar individual.<\/p>\n\n\n\n<p class=\"wp-block-paragraph\">Vigencia: Del 1 de enero al 31 de diciembre de 2026.<\/p>\n\n\n\n<p class=\"wp-block-paragraph\">Con esta entrada en vigor, el gobierno estatal y federal apuestan a que el 2026 sea un a\u00f1o de consolidaci\u00f3n para la clase trabajadora, aunque el ojo p\u00fablico estar\u00e1 puesto en el comportamiento de los precios de la canasta b\u00e1sica durante el primer trimestre del a\u00f1o.<\/p>\n\n\n\n<figure class=\"wp-block-embed is-type-rich is-provider-twitter wp-block-embed-twitter\"><div class=\"wp-block-embed__wrapper\">\n<blockquote class=\"twitter-tweet\" data-width=\"550\" data-dnt=\"true\"><p lang=\"es\" dir=\"ltr\">\u00a1Hoy entra en vigor el <a href=\"https:\/\/twitter.com\/hashtag\/SalarioM%C3%ADnimo2026?src=hash&amp;ref_src=twsrc%5Etfw\">#SalarioM\u00ednimo2026<\/a>!<br><br>El Salario M\u00ednimo alcanza una hist\u00f3rica recuperaci\u00f3n del 154% en su poder adquisitivo desde 2018, en favor de las y los trabajadores de \ud83c\uddf2\ud83c\uddfd.<br><br>En el Segundo Piso de la <a href=\"https:\/\/twitter.com\/hashtag\/Transformaci%C3%B3n?src=hash&amp;ref_src=twsrc%5Etfw\">#Transformaci\u00f3n<\/a>, la justicia salarial avanza. \ud83d\udc4f\ud83c\udffe <a href=\"https:\/\/t.co\/xBSXYZaeUF\">pic.twitter.com\/xBSXYZaeUF<\/a><\/p>&mdash; STPS M\u00e9xico (@STPS_mx) <a href=\"https:\/\/twitter.com\/STPS_mx\/status\/2006742208435859711?ref_src=twsrc%5Etfw\">January 1, 2026<\/a><\/blockquote><script async src=\"https:\/\/platform.twitter.com\/widgets.js\" charset=\"utf-8\"><\/script>\n<\/div><\/figure>\n","protected":false},"excerpt":{"rendered":"<p>A partir de las primeras horas de este 1 de enero de 2026, M\u00e9xico inicia una nueva etapa en su pol\u00edtica de recuperaci\u00f3n de ingresos. La Comisi\u00f3n Nacional de los Salarios M\u00ednimos (CONASAMI) y la Secretar\u00eda del Trabajo han formalizado el incremento que busca consolidar el bienestar social en el marco del \u00abSegundo Piso de&#8230;<\/p>\n","protected":false},"author":2,"featured_media":69436,"comment_status":"closed","ping_status":"closed","sticky":false,"template":"","format":"standard","meta":{"_crdt_document":"","_exactmetrics_skip_tracking":false,"_exactmetrics_sitenote_active":false,"_exactmetrics_sitenote_note":"","_exactmetrics_sitenote_category":0,"footnotes":""},"categories":[36,26,23,31,27,69],"tags":[71,72,74,28],"class_list":["post-69435","post","type-post","status-publish","format-standard","has-post-thumbnail","hentry","category-economia","category-local","category-mexico","category-politica","category-sonora","category-ultimas-noticias","tag-alfonso-durazo","tag-claudia-sheinbaum","tag-hermosillo","tag-nogales"],"_links":{"self":[{"href":"https:\/\/elpajaritonews.com\/index.php?rest_route=\/wp\/v2\/posts\/69435","targetHints":{"allow":["GET"]}}],"collection":[{"href":"https:\/\/elpajaritonews.com\/index.php?rest_route=\/wp\/v2\/posts"}],"about":[{"href":"https:\/\/elpajaritonews.com\/index.php?rest_route=\/wp\/v2\/types\/post"}],"author":[{"embeddable":true,"href":"https:\/\/elpajaritonews.com\/index.php?rest_route=\/wp\/v2\/users\/2"}],"replies":[{"embeddable":true,"href":"https:\/\/elpajaritonews.com\/index.php?rest_route=%2Fwp%2Fv2%2Fcomments&post=69435"}],"version-history":[{"count":1,"href":"https:\/\/elpajaritonews.com\/index.php?rest_route=\/wp\/v2\/posts\/69435\/revisions"}],"predecessor-version":[{"id":69437,"href":"https:\/\/elpajaritonews.com\/index.php?rest_route=\/wp\/v2\/posts\/69435\/revisions\/69437"}],"wp:featuredmedia":[{"embeddable":true,"href":"https:\/\/elpajaritonews.com\/index.php?rest_route=\/wp\/v2\/media\/69436"}],"wp:attachment":[{"href":"https:\/\/elpajaritonews.com\/index.php?rest_route=%2Fwp%2Fv2%2Fmedia&parent=69435"}],"wp:term":[{"taxonomy":"category","embeddable":true,"href":"https:\/\/elpajaritonews.com\/index.php?rest_route=%2Fwp%2Fv2%2Fcategories&post=69435"},{"taxonomy":"post_tag","embeddable":true,"href":"https:\/\/elpajaritonews.com\/index.php?rest_route=%2Fwp%2Fv2%2Ftags&post=69435"}],"curies":[{"name":"wp","href":"https:\/\/api.w.org\/{rel}","templated":true}]}}