{"id":69438,"date":"2026-01-01T15:20:00","date_gmt":"2026-01-01T22:20:00","guid":{"rendered":"https:\/\/elpajaritonews.com\/?p=69438"},"modified":"2026-01-01T15:20:08","modified_gmt":"2026-01-01T22:20:08","slug":"sonora-consolida-transformacion-durazo-invertira-mas-de-12-mil-mdp-en-programas-sociales-durante-2026","status":"publish","type":"post","link":"https:\/\/elpajaritonews.com\/?p=69438","title":{"rendered":"SONORA CONSOLIDA TRANSFORMACI\u00d3N: DURAZO INVERTIR\u00c1 M\u00c1S DE 12 MIL MDP EN PROGRAMAS SOCIALES DURANTE 2026"},"content":{"rendered":"\n<p class=\"wp-block-paragraph\"> Al iniciar el a\u00f1o, el gobernador Alfonso Durazo Monta\u00f1o present\u00f3 un balance de los avances estrat\u00e9gicos alcanzados en 2025, proyectando un 2026 de consolidaci\u00f3n con un presupuesto total de <strong>92 mil 571 millones de pesos<\/strong>. De esta cifra, se destaca un dato hist\u00f3rico: <strong>12 mil 600 millones de pesos<\/strong> se destinar\u00e1n directamente a programas sociales para fortalecer la econom\u00eda de las familias sonorenses.<\/p>\n\n\n\n<p class=\"wp-block-paragraph\">Bajo el modelo del \u00abhumanismo mexicano\u00bb y con el respaldo de la presidenta Claudia Sheinbaum, el estado ha logrado avances sin precedentes en diversos rubros estrat\u00e9gicos:<\/p>\n\n\n\n<h3 class=\"wp-block-heading\">\ud83c\udfe0 Vivienda y Bienestar Social: Justicia para las Familias<\/h3>\n\n\n\n<p class=\"wp-block-paragraph\">Sonora se posicion\u00f3 como l\u00edder nacional al iniciar el <strong>Programa Nacional de Vivienda para el Bienestar<\/strong>, proyectando la construcci\u00f3n de <strong>55 mil casas<\/strong> (20 mil para familias de escasos recursos y 35 mil para derechohabientes del Infonavit).<\/p>\n\n\n\n<ul class=\"wp-block-list\">\n<li><strong>Centros LIBRE:<\/strong> Se pusieron en marcha 19 centros con una inversi\u00f3n de <strong>21 millones de pesos<\/strong>, brindando apoyo legal y emocional a m\u00e1s de 30 mil mujeres.<\/li>\n<\/ul>\n\n\n\n<h3 class=\"wp-block-heading\">\ud83c\udfe5 Salud y Educaci\u00f3n: Inversiones Hist\u00f3ricas<\/h3>\n\n\n\n<ul class=\"wp-block-list\">\n<li><strong>Salud:<\/strong> Con una inversi\u00f3n de <strong>40 mil millones de pesos<\/strong>, se modernizaron 6 hospitales de primer nivel (SLRC, Hermosillo, Guaymas, V\u00edcam, Navojoa y Etchojoa) y se contrataron 125 especialistas.<\/li>\n\n\n\n<li><strong>Becas:<\/strong> El programa \u00abSonora de Oportunidades\u00bb invirti\u00f3 <strong>2 mil 600 millones de pesos<\/strong> en 2025. Para 2026, el presupuesto de becas aumentar\u00e1 en <strong>mil millones de pesos adicionales<\/strong>.<\/li>\n<\/ul>\n\n\n\n<h3 class=\"wp-block-heading\">\ud83c\udfd7\ufe0f Infraestructura y Conectividad Estrat\u00e9gica<\/h3>\n\n\n\n<p class=\"wp-block-paragraph\">Con una inversi\u00f3n superior a los <strong>5 mil millones de pesos<\/strong>, se transform\u00f3 la conectividad del estado:<\/p>\n\n\n\n<ul class=\"wp-block-list\">\n<li><strong>Carreteras:<\/strong> Avance del 80% en las rutas Guaymas\u2013Chihuahua y Bavispe\u2013Nuevo Casas Grandes, reduciendo traslados en <strong>95 minutos<\/strong>.<\/li>\n\n\n\n<li><strong>Rescate Urbano:<\/strong> La Sauceda creci\u00f3 de 40 a <strong>120 hect\u00e1reas<\/strong>, convirti\u00e9ndose en \u00c1rea Natural Protegida con 4 mil \u00e1rboles nativos.<\/li>\n\n\n\n<li><strong>Mercados:<\/strong> 140 millones de pesos para rehabilitar mercados en Hermosillo, Guaymas y Navojoa.<\/li>\n<\/ul>\n\n\n\n<h3 class=\"wp-block-heading\">\ud83d\udca7 Agua y Energ\u00eda: Sustentabilidad para el Futuro<\/h3>\n\n\n\n<ul class=\"wp-block-list\">\n<li><strong>Plan H\u00eddrico:<\/strong> Inversi\u00f3n de <strong>2 mil millones de pesos<\/strong> en m\u00e1s de mil obras, incluyendo 78 pozos nuevos y la modernizaci\u00f3n del Acueducto Independencia.<\/li>\n\n\n\n<li><strong>Energ\u00eda:<\/strong> Se logr\u00f3 la ampliaci\u00f3n del subsidio el\u00e9ctrico en los 72 municipios, generando <strong>ahorros del 50%<\/strong> en el recibo de luz de las familias.<\/li>\n<\/ul>\n\n\n\n<h3 class=\"wp-block-heading\">\ud83d\udee1\ufe0f Seguridad, Movilidad y Justicia Hist\u00f3rica<\/h3>\n\n\n\n<p class=\"wp-block-paragraph\">Para 2026, la seguridad recibir\u00e1 una inversi\u00f3n hist\u00f3rica de <strong>9 mil millones de pesos<\/strong>.<\/p>\n\n\n\n<ul class=\"wp-block-list\">\n<li>Se incorporaron 472 patrullas y 1,045 nuevos elementos policiales.<\/li>\n\n\n\n<li><strong>Plan de Justicia Cananea-R\u00edo Sonora:<\/strong> Con <strong>2 mil 222 millones de pesos<\/strong>, se liquid\u00f3 a 651 ex trabajadores de la Secci\u00f3n 65, poniendo fin a d\u00e9cadas de huelga y abandono ambiental.<\/li>\n<\/ul>\n\n\n\n<h3 class=\"wp-block-heading\">\ud83d\ude80 Proyecci\u00f3n Presupuestal 2026<\/h3>\n\n\n\n<p class=\"wp-block-paragraph\">El Gobierno de Sonora ha definido prioridades claras para el ejercicio de los <strong>92 mil 571 millones de pesos<\/strong> de este a\u00f1o:<\/p>\n\n\n\n<ul class=\"wp-block-list\">\n<li><strong>Protecci\u00f3n Civil:<\/strong> Sube de 96 a 152 millones de pesos.<\/li>\n\n\n\n<li><strong>Transporte P\u00fablico:<\/strong> 1,284 millones para mejora de unidades y subsidios.<\/li>\n\n\n\n<li><strong>Obra P\u00fablica:<\/strong> 4 mil millones de pesos para detonar empleo.<\/li>\n\n\n\n<li><strong>Carreteras:<\/strong> 940 millones para tramos como Hermosillo-Miguel Alem\u00e1n.<\/li>\n<\/ul>\n\n\n\n<blockquote class=\"wp-block-quote is-layout-flow wp-block-quote-is-layout-flow\">\n<p class=\"wp-block-paragraph\"><strong>El Dato Clave:<\/strong> La administraci\u00f3n de Alfonso Durazo ha logrado integrar la justicia social con el desarrollo de infraestructura, asegurando que el crecimiento econ\u00f3mico de Sonora llegue directamente al bolsillo de quienes menos tienen.<\/p>\n<\/blockquote>\n","protected":false},"excerpt":{"rendered":"<p>Al iniciar el a\u00f1o, el gobernador Alfonso Durazo Monta\u00f1o present\u00f3 un balance de los avances estrat\u00e9gicos alcanzados en 2025, proyectando un 2026 de consolidaci\u00f3n con un presupuesto total de 92 mil 571 millones de pesos. De esta cifra, se destaca un dato hist\u00f3rico: 12 mil 600 millones de pesos se destinar\u00e1n directamente a programas sociales&#8230;<\/p>\n","protected":false},"author":2,"featured_media":69439,"comment_status":"closed","ping_status":"closed","sticky":false,"template":"","format":"standard","meta":{"_crdt_document":"","_exactmetrics_skip_tracking":false,"_exactmetrics_sitenote_active":false,"_exactmetrics_sitenote_note":"","_exactmetrics_sitenote_category":0,"footnotes":""},"categories":[36,33,26,37,31,32,1,27,84,69],"tags":[71,72,74,76,28,75,30],"class_list":["post-69438","post","type-post","status-publish","format-standard","has-post-thumbnail","hentry","category-economia","category-educacion","category-local","category-medio-ambiente","category-politica","category-salud","category-seguridad","category-sonora","category-turismo","category-ultimas-noticias","tag-alfonso-durazo","tag-claudia-sheinbaum","tag-hermosillo","tag-medio-ambiente","tag-nogales","tag-seguridad-publica","tag-sonora-tierra-de-oportunidades"],"_links":{"self":[{"href":"https:\/\/elpajaritonews.com\/index.php?rest_route=\/wp\/v2\/posts\/69438","targetHints":{"allow":["GET"]}}],"collection":[{"href":"https:\/\/elpajaritonews.com\/index.php?rest_route=\/wp\/v2\/posts"}],"about":[{"href":"https:\/\/elpajaritonews.com\/index.php?rest_route=\/wp\/v2\/types\/post"}],"author":[{"embeddable":true,"href":"https:\/\/elpajaritonews.com\/index.php?rest_route=\/wp\/v2\/users\/2"}],"replies":[{"embeddable":true,"href":"https:\/\/elpajaritonews.com\/index.php?rest_route=%2Fwp%2Fv2%2Fcomments&post=69438"}],"version-history":[{"count":1,"href":"https:\/\/elpajaritonews.com\/index.php?rest_route=\/wp\/v2\/posts\/69438\/revisions"}],"predecessor-version":[{"id":69440,"href":"https:\/\/elpajaritonews.com\/index.php?rest_route=\/wp\/v2\/posts\/69438\/revisions\/69440"}],"wp:featuredmedia":[{"embeddable":true,"href":"https:\/\/elpajaritonews.com\/index.php?rest_route=\/wp\/v2\/media\/69439"}],"wp:attachment":[{"href":"https:\/\/elpajaritonews.com\/index.php?rest_route=%2Fwp%2Fv2%2Fmedia&parent=69438"}],"wp:term":[{"taxonomy":"category","embeddable":true,"href":"https:\/\/elpajaritonews.com\/index.php?rest_route=%2Fwp%2Fv2%2Fcategories&post=69438"},{"taxonomy":"post_tag","embeddable":true,"href":"https:\/\/elpajaritonews.com\/index.php?rest_route=%2Fwp%2Fv2%2Ftags&post=69438"}],"curies":[{"name":"wp","href":"https:\/\/api.w.org\/{rel}","templated":true}]}}