{"id":69444,"date":"2026-01-01T17:08:17","date_gmt":"2026-01-02T00:08:17","guid":{"rendered":"https:\/\/elpajaritonews.com\/?p=69444"},"modified":"2026-01-01T17:08:19","modified_gmt":"2026-01-02T00:08:19","slug":"primer-homicidio-del-2026-asesinan-a-sujeto-en-la-colonia-amapolas-hermosillo","status":"publish","type":"post","link":"https:\/\/elpajaritonews.com\/?p=69444","title":{"rendered":"PRIMER HOMICIDIO DEL 2026: ASESINAN A SUJETO EN LA COLONIA AMAPOLAS HERMOSILLO"},"content":{"rendered":"\n<p class=\"wp-block-paragraph\">HERMOSILLO, SONORA \u2014 La violencia no dio tregua en el inicio del a\u00f1o en la capital sonorense. Durante las primeras horas de este 1 de enero de 2026, se registr\u00f3 el primer hecho de sangre del a\u00f1o, dejando como saldo a un hombre sin vida en las inmediaciones de la colonia Amapolas.<\/p>\n\n\n\n<p class=\"wp-block-paragraph\">LOS HECHOS<\/p>\n\n\n\n<p class=\"wp-block-paragraph\">Alrededor de las 05:00 horas, las detonaciones de arma de fuego rompieron el silencio del festejo de A\u00f1o Nuevo sobre la calle Revoluci\u00f3n. Al arribar al sitio, elementos de seguridad localizaron el cuerpo de un hombre tendido sobre la cinta asf\u00e1ltica, ya sin signos vitales.<\/p>\n\n\n\n<figure class=\"wp-block-image size-full is-resized\"><img loading=\"lazy\" decoding=\"async\" width=\"160\" height=\"213\" src=\"https:\/\/elpajaritonews.com\/wp-content\/uploads\/2026\/01\/610804673_122195419790492227_5183526369676828492_n.jpg\" alt=\"\" class=\"wp-image-69446\" style=\"width:596px;height:auto\"\/><\/figure>\n\n\n\n<p class=\"wp-block-paragraph\">La v\u00edctima fue identificada como Julio C\u00e9sar \u201cN\u201d, de 36 a\u00f1os. Seg\u00fan informaci\u00f3n recabada en el lugar, el cuerpo presentaba al menos tres heridas de proyectil de arma de fuego. En el \u00e1rea del crimen, peritos aseguraron 4 casquillos percutidos calibre 9mm como evidencia del ataque.<\/p>\n\n\n\n<p class=\"wp-block-paragraph\">ANTECEDENTES Y CONTEXTO<\/p>\n\n\n\n<p class=\"wp-block-paragraph\">De acuerdo con informaci\u00f3n proporcionada por autoridades presentes en el lugar, el hoy occiso contaba con antecedentes relacionados con el delito de narcomenudeo.<\/p>\n\n\n\n<p class=\"wp-block-paragraph\">Este suceso se convierte oficialmente en la primera muerte violenta del 2026 en #Hermosillo, marcando un inicio de a\u00f1o bajo el resguardo de las fuerzas policiales que acordonaron la zona para las diligencias correspondientes.<\/p>\n\n\n\n<p class=\"wp-block-paragraph\">Nota: La informaci\u00f3n vertida en este reporte proviene de fuentes policiales en el sitio del hallazgo.<\/p>\n","protected":false},"excerpt":{"rendered":"<p>HERMOSILLO, SONORA \u2014 La violencia no dio tregua en el inicio del a\u00f1o en la capital sonorense. Durante las primeras horas de este 1 de enero de 2026, se registr\u00f3 el primer hecho de sangre del a\u00f1o, dejando como saldo a un hombre sin vida en las inmediaciones de la colonia Amapolas. LOS HECHOS Alrededor&#8230;<\/p>\n","protected":false},"author":2,"featured_media":69445,"comment_status":"closed","ping_status":"closed","sticky":false,"template":"","format":"standard","meta":{"_crdt_document":"","_exactmetrics_skip_tracking":false,"_exactmetrics_sitenote_active":false,"_exactmetrics_sitenote_note":"","_exactmetrics_sitenote_category":0,"footnotes":""},"categories":[80,88,26,31,1,27,69],"tags":[71,72,74,75],"class_list":["post-69444","post","type-post","status-publish","format-standard","has-post-thumbnail","hentry","category-derechos-humanos","category-justicia","category-local","category-politica","category-seguridad","category-sonora","category-ultimas-noticias","tag-alfonso-durazo","tag-claudia-sheinbaum","tag-hermosillo","tag-seguridad-publica"],"_links":{"self":[{"href":"https:\/\/elpajaritonews.com\/index.php?rest_route=\/wp\/v2\/posts\/69444","targetHints":{"allow":["GET"]}}],"collection":[{"href":"https:\/\/elpajaritonews.com\/index.php?rest_route=\/wp\/v2\/posts"}],"about":[{"href":"https:\/\/elpajaritonews.com\/index.php?rest_route=\/wp\/v2\/types\/post"}],"author":[{"embeddable":true,"href":"https:\/\/elpajaritonews.com\/index.php?rest_route=\/wp\/v2\/users\/2"}],"replies":[{"embeddable":true,"href":"https:\/\/elpajaritonews.com\/index.php?rest_route=%2Fwp%2Fv2%2Fcomments&post=69444"}],"version-history":[{"count":1,"href":"https:\/\/elpajaritonews.com\/index.php?rest_route=\/wp\/v2\/posts\/69444\/revisions"}],"predecessor-version":[{"id":69447,"href":"https:\/\/elpajaritonews.com\/index.php?rest_route=\/wp\/v2\/posts\/69444\/revisions\/69447"}],"wp:featuredmedia":[{"embeddable":true,"href":"https:\/\/elpajaritonews.com\/index.php?rest_route=\/wp\/v2\/media\/69445"}],"wp:attachment":[{"href":"https:\/\/elpajaritonews.com\/index.php?rest_route=%2Fwp%2Fv2%2Fmedia&parent=69444"}],"wp:term":[{"taxonomy":"category","embeddable":true,"href":"https:\/\/elpajaritonews.com\/index.php?rest_route=%2Fwp%2Fv2%2Fcategories&post=69444"},{"taxonomy":"post_tag","embeddable":true,"href":"https:\/\/elpajaritonews.com\/index.php?rest_route=%2Fwp%2Fv2%2Ftags&post=69444"}],"curies":[{"name":"wp","href":"https:\/\/api.w.org\/{rel}","templated":true}]}}