{"id":69448,"date":"2026-01-01T17:40:06","date_gmt":"2026-01-02T00:40:06","guid":{"rendered":"https:\/\/elpajaritonews.com\/?p=69448"},"modified":"2026-01-01T17:40:10","modified_gmt":"2026-01-02T00:40:10","slug":"mexico-cierra-definitivamente-el-programa-de-regularizacion-de-autos-chocolate-sonora-entre-los-estados-con-mayor-impacto","status":"publish","type":"post","link":"https:\/\/elpajaritonews.com\/?p=69448","title":{"rendered":"M\u00c9XICO CIERRA DEFINITIVAMENTE EL PROGRAMA DE REGULARIZACI\u00d3N DE \u201cAUTOS CHOCOLATE\u201d; SONORA ENTRE LOS ESTADOS CON MAYOR IMPACTO"},"content":{"rendered":"\n<p class=\"wp-block-paragraph\">En un movimiento que redefine el panorama vehicular en la entidad, la presidenta Claudia Sheinbaum Pardo promulg\u00f3 el decreto que pone fin definitivo al programa de regularizaci\u00f3n de veh\u00edculos usados de procedencia extranjera.<\/p>\n\n\n\n<p class=\"wp-block-paragraph\">La medida, publicada en el Diario Oficial de la Federaci\u00f3n, impacta directamente a Sonora, una de las entidades que m\u00e1s aprovech\u00f3 este esquema desde su implementaci\u00f3n en 2022.<\/p>\n\n\n\n<p class=\"wp-block-paragraph\">Un cierre definitivo tras a\u00f1os de pr\u00f3rrogasEl decreto abroga el acuerdo original de octubre de 2021 y el decreto principal de diciembre de 2022. Para Sonora, esto representa el cierre de un ciclo de regularizaci\u00f3n masiva que permiti\u00f3 a miles de familias sonorenses legalizar sus unidades por un costo \u00fanico de 2,500 pesos.<\/p>\n\n\n\n<p class=\"wp-block-paragraph\">A partir del 1 de enero de 2026, la ventanilla para este tr\u00e1mite simplificado quedar\u00e1 cerrada permanentemente. Cualquier introducci\u00f3n de veh\u00edculos usados al estado deber\u00e1 realizarse bajo las estrictas y m\u00e1s costosas reglas del comercio exterior y agencias aduanales.Sonora: Beneficiado en infraestructura y legalidadEl impacto del programa en Sonora se divide en tres ejes fundamentales:Certeza Jur\u00eddica: Miles de sonorenses lograron obtener placas y documentos oficiales, protegiendo su patrimonio familiar contra decomisos.<\/p>\n\n\n\n<p class=\"wp-block-paragraph\">Seguridad P\u00fablica: El registro de m\u00e1s de 2.5 millones de veh\u00edculos a nivel nacional (con una cuota importante en municipios como Hermosillo, Nogales y San Luis R\u00edo Colorado) permite a las autoridades estatales tener un mejor control del padr\u00f3n vehicular.<\/p>\n\n\n\n<p class=\"wp-block-paragraph\">Recursos para Pavimentaci\u00f3n: Bajo las reglas del programa, el dinero recaudado fue devuelto a los municipios sonorenses. Localidades como Cajeme, Guaymas y Navojoa utilizaron estos fondos espec\u00edficamente para programas de bacheo y rehabilitaci\u00f3n de vialidades.Reacciones en el sectorAunque la medida es celebrada por los sectores populares que lograron dar certeza a su transporte, la noticia ha sido recibida con alivio por las c\u00e1maras de comercio y distribuidores de autos nuevos en el estado, quienes se\u00f1alaban que la sobreoferta de \u00abautos chocolate\u00bb afectaba el mercado local.\u00bbEl programa cumpli\u00f3 su ciclo.<\/p>\n\n\n\n<p class=\"wp-block-paragraph\">Ahora, la importaci\u00f3n de veh\u00edculos deber\u00e1 ajustarse a las normas generales, buscando un equilibrio entre la necesidad de transporte y la formalidad econ\u00f3mica\u00bb, se\u00f1ala el documento oficial.<\/p>\n\n\n\n<p class=\"wp-block-paragraph\">Gu\u00eda de fechas clave para propietarios en Sonora<\/p>\n\n\n\n<p class=\"wp-block-paragraph\">Fecha L\u00edmite: \u00daltimo d\u00eda para iniciar tr\u00e1mite 31 de diciembre de 2025, Cierre total de Plataforma 1 de enero de 2026<\/p>\n\n\n\n<p class=\"wp-block-paragraph\">R\u00e9gimen de importaci\u00f3n ordinario: Obligatorio a partir de 2026<\/p>\n\n\n\n<p class=\"wp-block-paragraph\">REQUISITOS FINALES PARA REGULARIZACI\u00d3N EN SONORA<\/p>\n\n\n\n<p class=\"wp-block-paragraph\">Para aquellos propietarios en el estado que a\u00fan no han realizado el tr\u00e1mite antes del cierre definitivo, se deben cumplir los siguientes puntos:<\/p>\n\n\n\n<p class=\"wp-block-paragraph\">1. Documentaci\u00f3n Necesaria: T\u00edtulo de propiedad original, Identificaci\u00f3n oficial (INE), CURP y comprobante de domicilio en Sonora.<\/p>\n\n\n\n<p class=\"wp-block-paragraph\">2. Condiciones del Veh\u00edculo: El n\u00famero de serie debe iniciar con 1, 2, 3, 4 o 5. El modelo debe tener 5 o m\u00e1s a\u00f1os de antig\u00fcedad. No debe ser de lujo ni blindado. Debe haber ingresado al pa\u00eds antes del 19 de octubre de 2021.<\/p>\n\n\n\n<p class=\"wp-block-paragraph\">3. Costos: Pago \u00fanico de 2,500 pesos.<\/p>\n\n\n\n<p class=\"wp-block-paragraph\">4. Vigencia: El sistema cerrar\u00e1 definitivamente el 31 de diciembre de 2025.<\/p>\n","protected":false},"excerpt":{"rendered":"<p>En un movimiento que redefine el panorama vehicular en la entidad, la presidenta Claudia Sheinbaum Pardo promulg\u00f3 el decreto que pone fin definitivo al programa de regularizaci\u00f3n de veh\u00edculos usados de procedencia extranjera. La medida, publicada en el Diario Oficial de la Federaci\u00f3n, impacta directamente a Sonora, una de las entidades que m\u00e1s aprovech\u00f3 este&#8230;<\/p>\n","protected":false},"author":2,"featured_media":69449,"comment_status":"closed","ping_status":"closed","sticky":false,"template":"","format":"standard","meta":{"_crdt_document":"","_exactmetrics_skip_tracking":false,"_exactmetrics_sitenote_active":false,"_exactmetrics_sitenote_note":"","_exactmetrics_sitenote_category":0,"footnotes":""},"categories":[17,36,89,88,26,37,23,38,31,27,84,69],"tags":[71,72,74,76,28,75],"class_list":["post-69448","post","type-post","status-publish","format-standard","has-post-thumbnail","hentry","category-arizona","category-economia","category-estados-unidos","category-justicia","category-local","category-medio-ambiente","category-mexico","category-migracion","category-politica","category-sonora","category-turismo","category-ultimas-noticias","tag-alfonso-durazo","tag-claudia-sheinbaum","tag-hermosillo","tag-medio-ambiente","tag-nogales","tag-seguridad-publica"],"_links":{"self":[{"href":"https:\/\/elpajaritonews.com\/index.php?rest_route=\/wp\/v2\/posts\/69448","targetHints":{"allow":["GET"]}}],"collection":[{"href":"https:\/\/elpajaritonews.com\/index.php?rest_route=\/wp\/v2\/posts"}],"about":[{"href":"https:\/\/elpajaritonews.com\/index.php?rest_route=\/wp\/v2\/types\/post"}],"author":[{"embeddable":true,"href":"https:\/\/elpajaritonews.com\/index.php?rest_route=\/wp\/v2\/users\/2"}],"replies":[{"embeddable":true,"href":"https:\/\/elpajaritonews.com\/index.php?rest_route=%2Fwp%2Fv2%2Fcomments&post=69448"}],"version-history":[{"count":1,"href":"https:\/\/elpajaritonews.com\/index.php?rest_route=\/wp\/v2\/posts\/69448\/revisions"}],"predecessor-version":[{"id":69450,"href":"https:\/\/elpajaritonews.com\/index.php?rest_route=\/wp\/v2\/posts\/69448\/revisions\/69450"}],"wp:featuredmedia":[{"embeddable":true,"href":"https:\/\/elpajaritonews.com\/index.php?rest_route=\/wp\/v2\/media\/69449"}],"wp:attachment":[{"href":"https:\/\/elpajaritonews.com\/index.php?rest_route=%2Fwp%2Fv2%2Fmedia&parent=69448"}],"wp:term":[{"taxonomy":"category","embeddable":true,"href":"https:\/\/elpajaritonews.com\/index.php?rest_route=%2Fwp%2Fv2%2Fcategories&post=69448"},{"taxonomy":"post_tag","embeddable":true,"href":"https:\/\/elpajaritonews.com\/index.php?rest_route=%2Fwp%2Fv2%2Ftags&post=69448"}],"curies":[{"name":"wp","href":"https:\/\/api.w.org\/{rel}","templated":true}]}}