{"id":69531,"date":"2026-01-06T21:45:00","date_gmt":"2026-01-07T04:45:00","guid":{"rendered":"https:\/\/elpajaritonews.com\/?p=69531"},"modified":"2026-01-06T21:45:04","modified_gmt":"2026-01-07T04:45:04","slug":"justicia-para-las-victimas-de-la-mata-perros-en-cananea","status":"publish","type":"post","link":"https:\/\/elpajaritonews.com\/?p=69531","title":{"rendered":"JUSTICIA PARA LAS V\u00cdCTIMAS DE \u00abLA MATA PERROS\u00bb EN CANANEA"},"content":{"rendered":"\n<p class=\"wp-block-paragraph\">\u00a1Cae \u00abLa Mata Perros\u00bb! Fiscal\u00eda de Sonora ya la tiene en la mira tras masacre en Cananea<\/p>\n\n\n\n<p class=\"wp-block-paragraph\">CANANEA, SONORA. \u2013 La indignaci\u00f3n social ha escalado a niveles legales tras los crueles eventos captados en video el pasado 1 de enero en la colonia Valle del Cobre. La Fiscal\u00eda General de Justicia del Estado de Sonora (FGJES) ha confirmado que existe una investigaci\u00f3n en curso contra la mujer apodada en redes sociales como \u00abLa Mata Perros\u00bb.<\/p>\n\n\n\n<p class=\"wp-block-paragraph\">\ud83d\udcc9 El Caso: Crueldad en A\u00f1o Nuevo<\/p>\n\n\n\n<p class=\"wp-block-paragraph\">Lo que inici\u00f3 como una denuncia ciudadana tras la difusi\u00f3n de un video donde se observa a un veh\u00edculo atropellar intencionalmente a varios canes, hoy es una carpeta de investigaci\u00f3n oficial por el delito de maltrato animal.<\/p>\n\n\n\n<p class=\"wp-block-paragraph\">\ud83d\udd0d Avances de la Fiscal\u00eda:<\/p>\n\n\n\n<p class=\"wp-block-paragraph\">Investigaci\u00f3n de Oficio: Iniciada tras el impacto medi\u00e1tico del material audiovisual.<\/p>\n\n\n\n<p class=\"wp-block-paragraph\">Pruebas Recabadas: Se cuenta con declaraciones de testigos presenciales y material videogr\u00e1fico clave.<\/p>\n\n\n\n<p class=\"wp-block-paragraph\">Peritajes: Personal veterinario e instancias municipales ya han rendido sus informes t\u00e9cnicos.<\/p>\n\n\n\n<p class=\"wp-block-paragraph\">Persona Identificada: Existe una \u00abpersona de inter\u00e9s\u00bb plenamente identificada (se\u00f1alada por la comunidad como \u00abLa Mata Perros\u00bb) sobre la cual se est\u00e1n recabando datos de prueba definitivos.<\/p>\n\n\n\n<p class=\"wp-block-paragraph\">\ud83d\udde3\ufe0f Clamor Social<\/p>\n\n\n\n<p class=\"wp-block-paragraph\">La comunidad de Cananea y colectivos de protecci\u00f3n animal exigen que este acto de crueldad no quede impune. La FGJES reiter\u00f3 su compromiso con el bienestar animal y asegur\u00f3 que informar\u00e1 sobre el ejercicio de la acci\u00f3n penal conforme avancen los tiempos legales.<\/p>\n\n\n\n<p class=\"wp-block-paragraph\">\u00abNi un abuso m\u00e1s: La justicia en Sonora va por quienes atentan contra los seres sintientes.\u00bb<\/p>\n","protected":false},"excerpt":{"rendered":"<p>\u00a1Cae \u00abLa Mata Perros\u00bb! Fiscal\u00eda de Sonora ya la tiene en la mira tras masacre en Cananea CANANEA, SONORA. \u2013 La indignaci\u00f3n social ha escalado a niveles legales tras los crueles eventos captados en video el pasado 1 de enero en la colonia Valle del Cobre. La Fiscal\u00eda General de Justicia del Estado de Sonora&#8230;<\/p>\n","protected":false},"author":2,"featured_media":69532,"comment_status":"closed","ping_status":"closed","sticky":false,"template":"","format":"standard","meta":{"_crdt_document":"","_exactmetrics_skip_tracking":false,"_exactmetrics_sitenote_active":false,"_exactmetrics_sitenote_note":"","_exactmetrics_sitenote_category":0,"footnotes":""},"categories":[17,88,31,1,27,69],"tags":[71,76,28,75],"class_list":["post-69531","post","type-post","status-publish","format-standard","has-post-thumbnail","hentry","category-arizona","category-justicia","category-politica","category-seguridad","category-sonora","category-ultimas-noticias","tag-alfonso-durazo","tag-medio-ambiente","tag-nogales","tag-seguridad-publica"],"_links":{"self":[{"href":"https:\/\/elpajaritonews.com\/index.php?rest_route=\/wp\/v2\/posts\/69531","targetHints":{"allow":["GET"]}}],"collection":[{"href":"https:\/\/elpajaritonews.com\/index.php?rest_route=\/wp\/v2\/posts"}],"about":[{"href":"https:\/\/elpajaritonews.com\/index.php?rest_route=\/wp\/v2\/types\/post"}],"author":[{"embeddable":true,"href":"https:\/\/elpajaritonews.com\/index.php?rest_route=\/wp\/v2\/users\/2"}],"replies":[{"embeddable":true,"href":"https:\/\/elpajaritonews.com\/index.php?rest_route=%2Fwp%2Fv2%2Fcomments&post=69531"}],"version-history":[{"count":1,"href":"https:\/\/elpajaritonews.com\/index.php?rest_route=\/wp\/v2\/posts\/69531\/revisions"}],"predecessor-version":[{"id":69533,"href":"https:\/\/elpajaritonews.com\/index.php?rest_route=\/wp\/v2\/posts\/69531\/revisions\/69533"}],"wp:featuredmedia":[{"embeddable":true,"href":"https:\/\/elpajaritonews.com\/index.php?rest_route=\/wp\/v2\/media\/69532"}],"wp:attachment":[{"href":"https:\/\/elpajaritonews.com\/index.php?rest_route=%2Fwp%2Fv2%2Fmedia&parent=69531"}],"wp:term":[{"taxonomy":"category","embeddable":true,"href":"https:\/\/elpajaritonews.com\/index.php?rest_route=%2Fwp%2Fv2%2Fcategories&post=69531"},{"taxonomy":"post_tag","embeddable":true,"href":"https:\/\/elpajaritonews.com\/index.php?rest_route=%2Fwp%2Fv2%2Ftags&post=69531"}],"curies":[{"name":"wp","href":"https:\/\/api.w.org\/{rel}","templated":true}]}}