{"id":69608,"date":"2026-01-13T16:56:39","date_gmt":"2026-01-13T23:56:39","guid":{"rendered":"https:\/\/elpajaritonews.com\/?p=69608"},"modified":"2026-01-13T16:56:41","modified_gmt":"2026-01-13T23:56:41","slug":"hay-nuevo-alcalde-en-puerto-penasco-asume-alejandro-verdugo-tras-renuncia-de-castro-valida-congreso-de-sonora-renuncia","status":"publish","type":"post","link":"https:\/\/elpajaritonews.com\/?p=69608","title":{"rendered":"HAY NUEVO ALCALDE EN PUERTO PE\u00d1ASCO: ASUME ALEJANDRO VERDUGO TRAS RENUNCIA DE CASTRO, V\u00c1LIDA CONGRESO DE SONORA RENUNCIA"},"content":{"rendered":"\n<p class=\"wp-block-paragraph\">En una sesi\u00f3n de car\u00e1cter urgente que se extendi\u00f3 hasta las primeras horas de este martes, la Mesa Directiva de la Diputaci\u00f3n Permanente del H. Congreso del Estado de Sonora&nbsp; oficializ\u00f3 cambios trascendentales en la administraci\u00f3n p\u00fablica de Puerto Pe\u00f1asco.<\/p>\n\n\n\n<figure class=\"wp-block-embed is-type-video is-provider-youtube wp-block-embed-youtube wp-embed-aspect-16-9 wp-has-aspect-ratio\"><div class=\"wp-block-embed__wrapper\">\n<iframe loading=\"lazy\" title=\"12 de Enero 2026 - Sesi\u00f3n de la Diputaci\u00f3n Permanente\" width=\"640\" height=\"360\" src=\"https:\/\/www.youtube.com\/embed\/7cSKHO1oNbk?feature=oembed\" frameborder=\"0\" allow=\"accelerometer; autoplay; clipboard-write; encrypted-media; gyroscope; picture-in-picture; web-share\" referrerpolicy=\"strict-origin-when-cross-origin\" allowfullscreen><\/iframe>\n<\/div><\/figure>\n\n\n\n<p class=\"wp-block-paragraph\">Motivos de Salud Obligan el Relevo<\/p>\n\n\n\n<p class=\"wp-block-paragraph\">El cuerpo legislativo valid\u00f3 la solicitud de separaci\u00f3n definitiva del cargo presentada por \u00d3scar Eduardo Castro Castro, quien hasta ahora fung\u00eda como presidente municipal de la citada localidad tur\u00edstica. Seg\u00fan el acuerdo le\u00eddo por el diputado Ra\u00fal Gonz\u00e1lez De la Vega (PVEM) a las 00:46 horas, la renuncia se fundament\u00f3 estrictamente en razones de salud, lo que activ\u00f3 de inmediato los protocolos establecidos en la Ley de Gobierno y Administraci\u00f3n Municipal.<\/p>\n\n\n\n<p class=\"wp-block-paragraph\">Alejandro Verdugo Angulo Asume la Titularidad<\/p>\n\n\n\n<p class=\"wp-block-paragraph\">Tras la validaci\u00f3n de la renuncia, el Congreso ratific\u00f3 el nombramiento de Alejandro Verdugo Angulo como nuevo presidente municipal de Puerto Pe\u00f1asco. Verdugo Angulo, quien se desempe\u00f1aba como secretario del Ayuntamiento, asume el mando con la encomienda de garantizar la gobernabilidad y dar continuidad a los proyectos estrat\u00e9gicos de la administraci\u00f3n vigente.<\/p>\n\n\n\n<p class=\"wp-block-paragraph\">Como parte del reajuste institucional, el Cabildo local design\u00f3 a la ciudadana Dalia Saray Moncada como la nueva secretaria del Ayuntamiento, quien tom\u00f3 protesta de forma inmediata para cubrir la vacante dejada por el ahora alcalde.<\/p>\n\n\n\n<p class=\"wp-block-paragraph\">Detalles de la Sesi\u00f3n Legislativa<\/p>\n\n\n\n<p class=\"wp-block-paragraph\">Representaci\u00f3n Oficial: El diputado Rub\u00e9n Refugio Gonz\u00e1lez Aguayo (PT) fue comisionado para acudir a la toma de protesta oficial en representaci\u00f3n del Poder Legislativo.<\/p>\n\n\n\n<p class=\"wp-block-paragraph\">Rezago Administrativo: Durante la jornada, se aprobaron las actas de sesiones previas correspondientes a los meses de octubre y noviembre de 2025.<\/p>\n\n\n\n<p class=\"wp-block-paragraph\">Correspondencia: Se revisaron temas cr\u00edticos del periodo decembrino y principios de enero de 2026, destacando la gesti\u00f3n financiera municipal y exhortos sobre paridad de g\u00e9nero y salud p\u00fablica.<\/p>\n\n\n\n<p class=\"wp-block-paragraph\">Este movimiento pol\u00edtico ocurre en un momento clave para el estado, buscando que la transici\u00f3n en Puerto Pe\u00f1asco no afecte la prestaci\u00f3n de servicios ni la estabilidad pol\u00edtica de la regi\u00f3n. Se espera que en los pr\u00f3ximos d\u00edas se publique el aviso formal en la Gaceta Parlamentaria para las siguientes sesiones ordinarias.<\/p>\n","protected":false},"excerpt":{"rendered":"<p>En una sesi\u00f3n de car\u00e1cter urgente que se extendi\u00f3 hasta las primeras horas de este martes, la Mesa Directiva de la Diputaci\u00f3n Permanente del H. Congreso del Estado de Sonora&nbsp; oficializ\u00f3 cambios trascendentales en la administraci\u00f3n p\u00fablica de Puerto Pe\u00f1asco. Motivos de Salud Obligan el Relevo El cuerpo legislativo valid\u00f3 la solicitud de separaci\u00f3n definitiva&#8230;<\/p>\n","protected":false},"author":2,"featured_media":69609,"comment_status":"closed","ping_status":"closed","sticky":false,"template":"","format":"standard","meta":{"_crdt_document":"","_exactmetrics_skip_tracking":false,"_exactmetrics_sitenote_active":false,"_exactmetrics_sitenote_note":"","_exactmetrics_sitenote_category":0,"footnotes":""},"categories":[20,26,31,27,69,65],"tags":[71,73,28],"class_list":["post-69608","post","type-post","status-publish","format-standard","has-post-thumbnail","hentry","category-congreso","category-local","category-politica","category-sonora","category-ultimas-noticias","category-videos","tag-alfonso-durazo","tag-congreso-del-estado-de-sonora","tag-nogales"],"_links":{"self":[{"href":"https:\/\/elpajaritonews.com\/index.php?rest_route=\/wp\/v2\/posts\/69608","targetHints":{"allow":["GET"]}}],"collection":[{"href":"https:\/\/elpajaritonews.com\/index.php?rest_route=\/wp\/v2\/posts"}],"about":[{"href":"https:\/\/elpajaritonews.com\/index.php?rest_route=\/wp\/v2\/types\/post"}],"author":[{"embeddable":true,"href":"https:\/\/elpajaritonews.com\/index.php?rest_route=\/wp\/v2\/users\/2"}],"replies":[{"embeddable":true,"href":"https:\/\/elpajaritonews.com\/index.php?rest_route=%2Fwp%2Fv2%2Fcomments&post=69608"}],"version-history":[{"count":1,"href":"https:\/\/elpajaritonews.com\/index.php?rest_route=\/wp\/v2\/posts\/69608\/revisions"}],"predecessor-version":[{"id":69610,"href":"https:\/\/elpajaritonews.com\/index.php?rest_route=\/wp\/v2\/posts\/69608\/revisions\/69610"}],"wp:featuredmedia":[{"embeddable":true,"href":"https:\/\/elpajaritonews.com\/index.php?rest_route=\/wp\/v2\/media\/69609"}],"wp:attachment":[{"href":"https:\/\/elpajaritonews.com\/index.php?rest_route=%2Fwp%2Fv2%2Fmedia&parent=69608"}],"wp:term":[{"taxonomy":"category","embeddable":true,"href":"https:\/\/elpajaritonews.com\/index.php?rest_route=%2Fwp%2Fv2%2Fcategories&post=69608"},{"taxonomy":"post_tag","embeddable":true,"href":"https:\/\/elpajaritonews.com\/index.php?rest_route=%2Fwp%2Fv2%2Ftags&post=69608"}],"curies":[{"name":"wp","href":"https:\/\/api.w.org\/{rel}","templated":true}]}}