{"id":69611,"date":"2026-01-13T17:39:30","date_gmt":"2026-01-14T00:39:30","guid":{"rendered":"https:\/\/elpajaritonews.com\/?p=69611"},"modified":"2026-01-13T17:39:32","modified_gmt":"2026-01-14T00:39:32","slug":"gobierno-de-sonora-proyectara-el-ano-nuevo-seri-como-turismo-activo-en-premios-fitur-2026-en-espana","status":"publish","type":"post","link":"https:\/\/elpajaritonews.com\/?p=69611","title":{"rendered":"GOBIERNO DE SONORA PROYECTAR\u00c1 EL A\u00d1O NUEVO SERI COMO TURISMO ACTIVO EN PREMIOS FITUR 2026 EN ESPA\u00d1A"},"content":{"rendered":"\n<p class=\"wp-block-paragraph\">El Gobierno de Sonora, a trav\u00e9s de la Secretar\u00eda de Econom\u00eda y Turismo (SETUR), participar\u00e1 por primera vez en su historia en los Premios FITUR 2026, dentro de la categor\u00eda de Turismo Activo, evento que se celebrar\u00e1 en Espa\u00f1a a finales de este mes, con el objetivo de impulsar el desarrollo y la comercializaci\u00f3n de la industria tur\u00edstica del estado.<\/p>\n\n\n\n<p class=\"wp-block-paragraph\">Gracias a las gestiones del gobernador Alfonso Durazo, la Representaci\u00f3n del A\u00f1o Nuevo Seri, a cargo de la Oficina de Convenciones y Visitantes de Hermosillo, ser\u00e1 proyectada a nivel internacional, destacando la riqueza cultural, identidad y tradiciones de Sonora en escenarios estrat\u00e9gicos del turismo mundial.<\/p>\n\n\n\n<p class=\"wp-block-paragraph\">El secretario de Econom\u00eda y Turismo, Roberto Gradillas Pineda, explic\u00f3 que los Premios FITUR tienen como finalidad reconocer y promover productos tur\u00edsticos de alta calidad, adem\u00e1s de fungir como un importante canal de vinculaci\u00f3n entre operadores tur\u00edsticos y el consumidor final.<\/p>\n\n\n\n<p class=\"wp-block-paragraph\">Gradillas Pineda subray\u00f3 que la participaci\u00f3n en la 31\u00aa edici\u00f3n de los Premios FITUR 2026 refleja el respaldo del gobernador Alfonso Durazo al turismo sonorense, impulsando que las tradiciones y la cultura del estado se conviertan en desarrollo econ\u00f3mico y bienestar para las familias.<\/p>\n\n\n\n<p class=\"wp-block-paragraph\">En esta edici\u00f3n se entregar\u00e1n dos premios a nivel nacional y dos a nivel internacional. Con estas acciones, el Gobierno de Sonora, a trav\u00e9s de la SETUR, refrenda su compromiso de posicionar al estado como un destino tur\u00edstico con alto potencial a nivel mundial, fortaleciendo la econom\u00eda y atrayendo nuevos visitantes.<\/p>\n","protected":false},"excerpt":{"rendered":"<p>El Gobierno de Sonora, a trav\u00e9s de la Secretar\u00eda de Econom\u00eda y Turismo (SETUR), participar\u00e1 por primera vez en su historia en los Premios FITUR 2026, dentro de la categor\u00eda de Turismo Activo, evento que se celebrar\u00e1 en Espa\u00f1a a finales de este mes, con el objetivo de impulsar el desarrollo y la comercializaci\u00f3n de&#8230;<\/p>\n","protected":false},"author":2,"featured_media":69612,"comment_status":"closed","ping_status":"closed","sticky":false,"template":"","format":"standard","meta":{"_crdt_document":"","_exactmetrics_skip_tracking":false,"_exactmetrics_sitenote_active":false,"_exactmetrics_sitenote_note":"","_exactmetrics_sitenote_category":0,"footnotes":""},"categories":[80,22,23,24,31,27,84,69],"tags":[74,30],"class_list":["post-69611","post","type-post","status-publish","format-standard","has-post-thumbnail","hentry","category-derechos-humanos","category-escena","category-mexico","category-mundo","category-politica","category-sonora","category-turismo","category-ultimas-noticias","tag-hermosillo","tag-sonora-tierra-de-oportunidades"],"_links":{"self":[{"href":"https:\/\/elpajaritonews.com\/index.php?rest_route=\/wp\/v2\/posts\/69611","targetHints":{"allow":["GET"]}}],"collection":[{"href":"https:\/\/elpajaritonews.com\/index.php?rest_route=\/wp\/v2\/posts"}],"about":[{"href":"https:\/\/elpajaritonews.com\/index.php?rest_route=\/wp\/v2\/types\/post"}],"author":[{"embeddable":true,"href":"https:\/\/elpajaritonews.com\/index.php?rest_route=\/wp\/v2\/users\/2"}],"replies":[{"embeddable":true,"href":"https:\/\/elpajaritonews.com\/index.php?rest_route=%2Fwp%2Fv2%2Fcomments&post=69611"}],"version-history":[{"count":1,"href":"https:\/\/elpajaritonews.com\/index.php?rest_route=\/wp\/v2\/posts\/69611\/revisions"}],"predecessor-version":[{"id":69613,"href":"https:\/\/elpajaritonews.com\/index.php?rest_route=\/wp\/v2\/posts\/69611\/revisions\/69613"}],"wp:featuredmedia":[{"embeddable":true,"href":"https:\/\/elpajaritonews.com\/index.php?rest_route=\/wp\/v2\/media\/69612"}],"wp:attachment":[{"href":"https:\/\/elpajaritonews.com\/index.php?rest_route=%2Fwp%2Fv2%2Fmedia&parent=69611"}],"wp:term":[{"taxonomy":"category","embeddable":true,"href":"https:\/\/elpajaritonews.com\/index.php?rest_route=%2Fwp%2Fv2%2Fcategories&post=69611"},{"taxonomy":"post_tag","embeddable":true,"href":"https:\/\/elpajaritonews.com\/index.php?rest_route=%2Fwp%2Fv2%2Ftags&post=69611"}],"curies":[{"name":"wp","href":"https:\/\/api.w.org\/{rel}","templated":true}]}}