{"id":69614,"date":"2026-01-14T19:30:27","date_gmt":"2026-01-15T02:30:27","guid":{"rendered":"https:\/\/elpajaritonews.com\/?p=69614"},"modified":"2026-01-14T19:30:30","modified_gmt":"2026-01-15T02:30:30","slug":"la-burbuja-reabrira-sus-puertas-gobernador-durazo-avanza-segunda-etapa-de-la-sauceda","status":"publish","type":"post","link":"https:\/\/elpajaritonews.com\/?p=69614","title":{"rendered":"LA BURBUJA REABRIR\u00c1 SUS PUERTAS: GOBERNADOR DURAZO AVANZA SEGUNDA ETAPA DE LA SAUCEDA"},"content":{"rendered":"\n<p class=\"wp-block-paragraph\">&#8211; El gobernador realiz\u00f3 un recorrido de supervisi\u00f3n por el Bosque Urbano La Sauceda para verificar los avances de las obras actualmente en ejecuci\u00f3n. Se presentaron las \u00e1reas que ser\u00e1n intervenidas durante el a\u00f1o 2026, como la trotapista y la rehabilitaci\u00f3n del Museo La Burbuja.<\/p>\n\n\n\n<p class=\"wp-block-paragraph\">&#8211; La intervenci\u00f3n consolida a La Sauceda como un espacio verde, recreativo, educativo y comunitario para las familias sonorenses.<\/p>\n\n\n\n<p class=\"wp-block-paragraph\">El rescate del Bosque Urbano La Sauceda, reinaugurado en marzo de 2025 por el gobernador Alfonso Durazo Monta\u00f1o, contin\u00faa consolid\u00e1ndose como uno de los proyectos emblem\u00e1ticos de recuperaci\u00f3n de espacios p\u00fablicos en la capital del estado, al registrar importantes avances en la segunda etapa de rehabilitaci\u00f3n que se desarrolla durante 2026.<\/p>\n\n\n\n<p class=\"wp-block-paragraph\">Como parte del seguimiento a las obras en proceso, el gobernador realiz\u00f3 un recorrido de supervisi\u00f3n por el parque, donde constat\u00f3 el progreso de los trabajos y verific\u00f3 las \u00e1reas que ser\u00e1n intervenidas en esta etapa, entre ellas el estanque para lanchitas, la trotapista y la rehabilitaci\u00f3n del Museo La Burbuja, espacios clave para fortalecer el car\u00e1cter recreativo, educativo y comunitario del bosque urbano.<\/p>\n\n\n\n<p class=\"wp-block-paragraph\">Durante el recorrido, Durazo Monta\u00f1o destac\u00f3 que La Sauceda avanza como un s\u00edmbolo de identidad de Hermosillo, al transformarse en un espacio verde renovado que promueve la convivencia familiar, el sano esparcimiento y el contacto con la naturaleza.<\/p>\n\n\n\n<p class=\"wp-block-paragraph\">Para esta segunda etapa, el mandatario estatal inform\u00f3 que se destina una inversi\u00f3n de 200 millones de pesos, con la intervenci\u00f3n de 10 hect\u00e1reas que contemplan paisajismo en andadores, \u00e1rea de juegos en la zona norte, espacio de meditaci\u00f3n, cafeter\u00eda, laboratorio de educaci\u00f3n ambiental, ba\u00f1os, edificio de acceso poniente, edificio oriente, zona arcade, oficinas administrativas, anfiteatro, skate park, diversas \u00e1reas de patinaje recreativo, estacionamiento de la burbuja, sistema fotovoltaico y la rehabilitaci\u00f3n del Museo La Burbuja.<\/p>\n\n\n\n<p class=\"wp-block-paragraph\">\u201cVamos a convertir a La Sauceda en un orgullo de las y los hermosillenses, en un espacio natural para el esparcimiento social y familiar gratuito, y en un punto de atracci\u00f3n incluso para quienes visiten la ciudad\u201d, expres\u00f3 el gobernador.<\/p>\n\n\n\n<p class=\"wp-block-paragraph\">En lo referente al Museo La Burbuja, se detall\u00f3 que cuenta con una inversi\u00f3n de 9.5 millones de pesos y presenta un avance del 11 por ciento. Actualmente se realizan trabajos de limpieza, retiro de mobiliario en \u00e1reas interiores, demolici\u00f3n de muros internos y adecuaciones en las instalaciones hidrosanitarias.<\/p>\n\n\n\n<p class=\"wp-block-paragraph\">La rehabilitaci\u00f3n de la alberca&nbsp; para lanchitas choconas con una inversi\u00f3n de 6.5 millones de pesos, registra un avance del 85 por ciento. Esta obra incorpora nueva infraestructura hidr\u00e1ulica para la recirculaci\u00f3n del agua, adem\u00e1s de sistemas de nebulizaci\u00f3n y aspersores que mejorar\u00e1n la experiencia recreativa. Tambi\u00e9n se instalan estructuras de sombra laterales y un semidomo, as\u00ed como andadores de concreto, barandales y pasamanos para mayor seguridad y confort.<\/p>\n\n\n\n<p class=\"wp-block-paragraph\">Por su parte, la trotapista, que cuenta con una inversi\u00f3n de 9.9 millones de pesos, alcanza un avance del 93 por ciento. En este espacio se concluye la colocaci\u00f3n de la superficie de tart\u00e1n, se fortalecen las condiciones para la pr\u00e1ctica deportiva y se construye una cuneta para el desag\u00fce pluvial, lo que permitir\u00e1 una mayor durabilidad y funcionalidad de la pista.<\/p>\n\n\n\n<p class=\"wp-block-paragraph\">El gobernador Alfonso Durazo Monta\u00f1o destac\u00f3 adem\u00e1s que, desde la reapertura del Bosque Urbano La Sauceda, se han realizado acciones permanentes de forestaci\u00f3n, logrando la plantaci\u00f3n de m\u00e1s de siete mil \u00e1rboles hasta el momento.<\/p>\n\n\n\n<p class=\"wp-block-paragraph\">El avance de esta segunda etapa reafirma el compromiso del Gobierno de Sonora de recuperar espacios p\u00fablicos emblem\u00e1ticos, devolviendo a las y los hermosillenses un lugar que forma parte de su patrimonio cultural, destinado al disfrute, la recreaci\u00f3n y el desarrollo integral de ni\u00f1as, ni\u00f1os, j\u00f3venes y adultos.<\/p>\n","protected":false},"excerpt":{"rendered":"<p>&#8211; El gobernador realiz\u00f3 un recorrido de supervisi\u00f3n por el Bosque Urbano La Sauceda para verificar los avances de las obras actualmente en ejecuci\u00f3n. Se presentaron las \u00e1reas que ser\u00e1n intervenidas durante el a\u00f1o 2026, como la trotapista y la rehabilitaci\u00f3n del Museo La Burbuja. &#8211; La intervenci\u00f3n consolida a La Sauceda como un espacio&#8230;<\/p>\n","protected":false},"author":2,"featured_media":69615,"comment_status":"closed","ping_status":"closed","sticky":false,"template":"","format":"standard","meta":{"_crdt_document":"","_exactmetrics_skip_tracking":false,"_exactmetrics_sitenote_active":false,"_exactmetrics_sitenote_note":"","_exactmetrics_sitenote_category":0,"footnotes":""},"categories":[22,26,37,31,27,84,69],"tags":[71,74,76],"class_list":["post-69614","post","type-post","status-publish","format-standard","has-post-thumbnail","hentry","category-escena","category-local","category-medio-ambiente","category-politica","category-sonora","category-turismo","category-ultimas-noticias","tag-alfonso-durazo","tag-hermosillo","tag-medio-ambiente"],"_links":{"self":[{"href":"https:\/\/elpajaritonews.com\/index.php?rest_route=\/wp\/v2\/posts\/69614","targetHints":{"allow":["GET"]}}],"collection":[{"href":"https:\/\/elpajaritonews.com\/index.php?rest_route=\/wp\/v2\/posts"}],"about":[{"href":"https:\/\/elpajaritonews.com\/index.php?rest_route=\/wp\/v2\/types\/post"}],"author":[{"embeddable":true,"href":"https:\/\/elpajaritonews.com\/index.php?rest_route=\/wp\/v2\/users\/2"}],"replies":[{"embeddable":true,"href":"https:\/\/elpajaritonews.com\/index.php?rest_route=%2Fwp%2Fv2%2Fcomments&post=69614"}],"version-history":[{"count":1,"href":"https:\/\/elpajaritonews.com\/index.php?rest_route=\/wp\/v2\/posts\/69614\/revisions"}],"predecessor-version":[{"id":69616,"href":"https:\/\/elpajaritonews.com\/index.php?rest_route=\/wp\/v2\/posts\/69614\/revisions\/69616"}],"wp:featuredmedia":[{"embeddable":true,"href":"https:\/\/elpajaritonews.com\/index.php?rest_route=\/wp\/v2\/media\/69615"}],"wp:attachment":[{"href":"https:\/\/elpajaritonews.com\/index.php?rest_route=%2Fwp%2Fv2%2Fmedia&parent=69614"}],"wp:term":[{"taxonomy":"category","embeddable":true,"href":"https:\/\/elpajaritonews.com\/index.php?rest_route=%2Fwp%2Fv2%2Fcategories&post=69614"},{"taxonomy":"post_tag","embeddable":true,"href":"https:\/\/elpajaritonews.com\/index.php?rest_route=%2Fwp%2Fv2%2Ftags&post=69614"}],"curies":[{"name":"wp","href":"https:\/\/api.w.org\/{rel}","templated":true}]}}