{"id":69632,"date":"2026-01-16T18:15:14","date_gmt":"2026-01-17T01:15:14","guid":{"rendered":"https:\/\/elpajaritonews.com\/?p=69632"},"modified":"2026-01-16T18:15:16","modified_gmt":"2026-01-17T01:15:16","slug":"beneficia-tono-astiazaran-a-estudiantes-de-la-unikino-con-tramo-camina-segura","status":"publish","type":"post","link":"https:\/\/elpajaritonews.com\/?p=69632","title":{"rendered":"BENEFICIA TO\u00d1O ASTIAZAR\u00c1N A ESTUDIANTES DE LA UNIKINO CON TRAMO CAMINA SEGURA"},"content":{"rendered":"\n<p class=\"wp-block-paragraph\">&#8211; Luminarias tipo bolardo, c\u00e1mara de videovigilancia enlazada a la Polic\u00eda Municipal y bot\u00f3n de p\u00e1nico forman parte del corredor&nbsp;&nbsp;<\/p>\n\n\n\n<p class=\"wp-block-paragraph\">El presidente municipal Antonio Astiazar\u00e1n Guti\u00e9rrez encabez\u00f3 el encendido oficial de las 17 luminarias tipo bolardo, la c\u00e1mara de videovigilancia enlazada a la Polic\u00eda Municipal y el bot\u00f3n de p\u00e1nico que forman parte del corredor Camina Segura n\u00famero 102 de Hermosillo, ubicado por fuera de la Universidad Kino.<\/p>\n\n\n\n<p class=\"wp-block-paragraph\">Acompa\u00f1ado por Carla Neudert C\u00f3rdova, directora general de la Agencia de Energ\u00eda y Cambio Clim\u00e1tico (AMECC) y Sergio Pavlovich Escalante, director de Servicios P\u00fablicos Municipales, To\u00f1o Astiazar\u00e1n se reuni\u00f3 con el rector de la instituci\u00f3n educativa, Julio C\u00e9sar Mendoza Urrea, estudiantes y docentes, as\u00ed como vecinas y vecinos de colonias aleda\u00f1as.&nbsp;<\/p>\n\n\n\n<p class=\"wp-block-paragraph\">El encuentro fue para entregarles y poner en operaci\u00f3n del corredor Camina Segura que se instal\u00f3 para proveerles condiciones iluminadas y seguras de desplazamiento tanto a la comunidad estudiantil como a las personas residentes que se movilizan a pie por el sector.&nbsp;&nbsp;<\/p>\n\n\n\n<p class=\"wp-block-paragraph\">Aprovech\u00f3 para compartirles c\u00f3mo fue que naci\u00f3 y evolucion\u00f3 el concepto Camina Segura para beneficiar a las y los estudiantes de los turnos vespertinos de la ciudad, empezando por los de la Universidad de Sonora.<\/p>\n\n\n\n<p class=\"wp-block-paragraph\">\u201cCuando instalamos los bolardos afuera de la Universidad de Sonora lo que se logr\u00f3 a partir de all\u00ed es que se redujo en un 90% el n\u00famero de llamadas al 911 en ese sector, f\u00edjense que importante es este programa, conforme vimos los beneficios empezamos a crecer el programa, lo empezamos en 2022, y poco a poco fuimos creciendo como parte de las solicitudes de universidades, escuelas, hospitales, instituciones p\u00fablicas y tambi\u00e9n vecinas y vecinos\u201d, relat\u00f3.<\/p>\n\n\n\n<p class=\"wp-block-paragraph\">La directora de la AMECC explic\u00f3 que la c\u00e1mara de vigilancia incluida en este corredor ya est\u00e1 funcionando y lo que capta es monitoreado en tiempo real por la Polic\u00eda Preventiva y Tr\u00e1nsito Municipal.<\/p>\n\n\n\n<p class=\"wp-block-paragraph\">Cuando alguien presione el bot\u00f3n de p\u00e1nico que la acompa\u00f1a se encender\u00e1 una torreta, se enviar\u00e1 la alerta a la corporaci\u00f3n y \u00e9sta de inmediato remitir\u00e1 al lugar a los agentes m\u00e1s pr\u00f3ximos, revel\u00f3.<\/p>\n\n\n\n<p class=\"wp-block-paragraph\">El rector de la Uni Kino agradeci\u00f3 la respuesta de Antonio Astiazar\u00e1n y su equipo para resolver el ambiente de temor e inseguridad que ten\u00edan que enfrentar quienes transitaban por las afueras de la instituci\u00f3n debido a la oscuridad de la zona.<\/p>\n","protected":false},"excerpt":{"rendered":"<p>&#8211; Luminarias tipo bolardo, c\u00e1mara de videovigilancia enlazada a la Polic\u00eda Municipal y bot\u00f3n de p\u00e1nico forman parte del corredor&nbsp;&nbsp; El presidente municipal Antonio Astiazar\u00e1n Guti\u00e9rrez encabez\u00f3 el encendido oficial de las 17 luminarias tipo bolardo, la c\u00e1mara de videovigilancia enlazada a la Polic\u00eda Municipal y el bot\u00f3n de p\u00e1nico que forman parte del corredor&#8230;<\/p>\n","protected":false},"author":2,"featured_media":69633,"comment_status":"closed","ping_status":"closed","sticky":false,"template":"","format":"standard","meta":{"_crdt_document":"","_exactmetrics_skip_tracking":false,"_exactmetrics_sitenote_active":false,"_exactmetrics_sitenote_note":"","_exactmetrics_sitenote_category":0,"footnotes":""},"categories":[36,33,26,31,27,69],"tags":[74,75],"class_list":["post-69632","post","type-post","status-publish","format-standard","has-post-thumbnail","hentry","category-economia","category-educacion","category-local","category-politica","category-sonora","category-ultimas-noticias","tag-hermosillo","tag-seguridad-publica"],"_links":{"self":[{"href":"https:\/\/elpajaritonews.com\/index.php?rest_route=\/wp\/v2\/posts\/69632","targetHints":{"allow":["GET"]}}],"collection":[{"href":"https:\/\/elpajaritonews.com\/index.php?rest_route=\/wp\/v2\/posts"}],"about":[{"href":"https:\/\/elpajaritonews.com\/index.php?rest_route=\/wp\/v2\/types\/post"}],"author":[{"embeddable":true,"href":"https:\/\/elpajaritonews.com\/index.php?rest_route=\/wp\/v2\/users\/2"}],"replies":[{"embeddable":true,"href":"https:\/\/elpajaritonews.com\/index.php?rest_route=%2Fwp%2Fv2%2Fcomments&post=69632"}],"version-history":[{"count":1,"href":"https:\/\/elpajaritonews.com\/index.php?rest_route=\/wp\/v2\/posts\/69632\/revisions"}],"predecessor-version":[{"id":69634,"href":"https:\/\/elpajaritonews.com\/index.php?rest_route=\/wp\/v2\/posts\/69632\/revisions\/69634"}],"wp:featuredmedia":[{"embeddable":true,"href":"https:\/\/elpajaritonews.com\/index.php?rest_route=\/wp\/v2\/media\/69633"}],"wp:attachment":[{"href":"https:\/\/elpajaritonews.com\/index.php?rest_route=%2Fwp%2Fv2%2Fmedia&parent=69632"}],"wp:term":[{"taxonomy":"category","embeddable":true,"href":"https:\/\/elpajaritonews.com\/index.php?rest_route=%2Fwp%2Fv2%2Fcategories&post=69632"},{"taxonomy":"post_tag","embeddable":true,"href":"https:\/\/elpajaritonews.com\/index.php?rest_route=%2Fwp%2Fv2%2Ftags&post=69632"}],"curies":[{"name":"wp","href":"https:\/\/api.w.org\/{rel}","templated":true}]}}