{"id":69635,"date":"2026-01-16T18:25:51","date_gmt":"2026-01-17T01:25:51","guid":{"rendered":"https:\/\/elpajaritonews.com\/?p=69635"},"modified":"2026-01-16T18:25:53","modified_gmt":"2026-01-17T01:25:53","slug":"avanza-con-exito-el-programa-de-vivienda-en-hermosillo-gobernador-durazo-invita-a-familias-a-registrarse","status":"publish","type":"post","link":"https:\/\/elpajaritonews.com\/?p=69635","title":{"rendered":"AVANZA CON \u00c9XITO EL PROGRAMA DE VIVIENDA EN HERMOSILLO; GOBERNADOR DURAZO INVITA A FAMILIAS A REGISTRARSE"},"content":{"rendered":"\n<p class=\"wp-block-paragraph\">&#8211; El registro al Programa Nacional de Vivienda para el Bienestar, que inici\u00f3 desde el jueves, continuar\u00e1 hasta el s\u00e1bado 17 de enero, en un horario de 10:00 a 18:00 horas, en la Unidad Deportiva Ley 57 y Unidad Deportiva Ana Gabriela Guevara.<\/p>\n\n\n\n<p class=\"wp-block-paragraph\">El programa Vivienda para el Bienestar, impulsado por el gobernador Alfonso Durazo Monta\u00f1o y la presidenta de M\u00e9xico, Claudia Sheinbaum Pardo, ha tenido un arranque exitoso, con una alta participaci\u00f3n de familias hermosillenses que ya se han registrado para acceder a una vivienda digna.<\/p>\n\n\n\n<p class=\"wp-block-paragraph\">Desde el jueves, cuando inici\u00f3 el proceso de registro, las y los hermosillenses han acudido a las sedes habilitadas, reflejando el inter\u00e9s y la confianza de la ciudadan\u00eda en este programa que ofrece viviendas a precios accesibles para familias de bajos ingresos que no cuentan con prestaciones sociales ni acceso a otros cr\u00e9ditos.<\/p>\n\n\n\n<p class=\"wp-block-paragraph\">El gobernador Durazo Monta\u00f1o destac\u00f3 que este esfuerzo permitir\u00e1 a Sonora avanzar de manera hist\u00f3rica en materia de vivienda, con un incremento del 77% en la construcci\u00f3n de casas, al pasar de 33 mil 800 a 60 mil viviendas proyectadas para el a\u00f1o 2030, beneficiando a familias de los 72 municipios del estado.<\/p>\n\n\n\n<p class=\"wp-block-paragraph\">Reiter\u00f3 la invitaci\u00f3n a las y los sonorenses que a\u00fan no se han registrado a aprovechar esta oportunidad, subrayando que el acceso a una vivienda digna genera bienestar, estabilidad familiar y la justicia social.<\/p>\n\n\n\n<p class=\"wp-block-paragraph\">El registro al Programa Nacional de Vivienda para el Bienestar, que inici\u00f3 desde el jueves, continuar\u00e1 hasta el s\u00e1bado 17 de enero, en un horario de 10:00 a 18:00 horas, en la Unidad Deportiva Ley 57 y Unidad Deportiva Ana Gabriela Guevara.<\/p>\n\n\n\n<p class=\"wp-block-paragraph\">Los requisitos para participar son:&nbsp;<\/p>\n\n\n\n<p class=\"wp-block-paragraph\">&#8211; Tener un ingreso familiar mensual no mayor a dos salarios m\u00ednimos<\/p>\n\n\n\n<p class=\"wp-block-paragraph\">&#8211; No ser propietario de vivienda.<\/p>\n\n\n\n<p class=\"wp-block-paragraph\">&#8211; No ser derechohabiente de Infonavit, Fovissste, Pemex o ISSFAM.<\/p>\n\n\n\n<p class=\"wp-block-paragraph\">&#8211; No haber recibido subsidios previos de vivienda por parte de la CONAVI.<\/p>\n\n\n\n<p class=\"wp-block-paragraph\">Documentaci\u00f3n a presentar original y copia:<\/p>\n\n\n\n<p class=\"wp-block-paragraph\">&#8211; Identificaci\u00f3n oficial vigente.<\/p>\n\n\n\n<p class=\"wp-block-paragraph\">&#8211; CURP.<\/p>\n\n\n\n<p class=\"wp-block-paragraph\">&#8211; Comprobante de domicilio.<\/p>\n\n\n\n<p class=\"wp-block-paragraph\">El registro debe realizarse personalmente por el o la solicitante en el d\u00eda y horario establecidos. No se permite el registro a trav\u00e9s de apoderado, representante o figura similar.<\/p>\n\n\n\n<p class=\"wp-block-paragraph\">Los resultados se publicar\u00e1n en el sitio oficial de Conavi: www.gob.mx\/conavi y en lugares estrat\u00e9gicos dentro del pol\u00edgono de atenci\u00f3n correspondiente.<\/p>\n","protected":false},"excerpt":{"rendered":"<p>&#8211; El registro al Programa Nacional de Vivienda para el Bienestar, que inici\u00f3 desde el jueves, continuar\u00e1 hasta el s\u00e1bado 17 de enero, en un horario de 10:00 a 18:00 horas, en la Unidad Deportiva Ley 57 y Unidad Deportiva Ana Gabriela Guevara. El programa Vivienda para el Bienestar, impulsado por el gobernador Alfonso Durazo&#8230;<\/p>\n","protected":false},"author":2,"featured_media":69636,"comment_status":"closed","ping_status":"closed","sticky":false,"template":"","format":"standard","meta":{"_crdt_document":"","_exactmetrics_skip_tracking":false,"_exactmetrics_sitenote_active":false,"_exactmetrics_sitenote_note":"","_exactmetrics_sitenote_category":0,"footnotes":""},"categories":[36,26,31,27,69],"tags":[71,72,74,30],"class_list":["post-69635","post","type-post","status-publish","format-standard","has-post-thumbnail","hentry","category-economia","category-local","category-politica","category-sonora","category-ultimas-noticias","tag-alfonso-durazo","tag-claudia-sheinbaum","tag-hermosillo","tag-sonora-tierra-de-oportunidades"],"_links":{"self":[{"href":"https:\/\/elpajaritonews.com\/index.php?rest_route=\/wp\/v2\/posts\/69635","targetHints":{"allow":["GET"]}}],"collection":[{"href":"https:\/\/elpajaritonews.com\/index.php?rest_route=\/wp\/v2\/posts"}],"about":[{"href":"https:\/\/elpajaritonews.com\/index.php?rest_route=\/wp\/v2\/types\/post"}],"author":[{"embeddable":true,"href":"https:\/\/elpajaritonews.com\/index.php?rest_route=\/wp\/v2\/users\/2"}],"replies":[{"embeddable":true,"href":"https:\/\/elpajaritonews.com\/index.php?rest_route=%2Fwp%2Fv2%2Fcomments&post=69635"}],"version-history":[{"count":1,"href":"https:\/\/elpajaritonews.com\/index.php?rest_route=\/wp\/v2\/posts\/69635\/revisions"}],"predecessor-version":[{"id":69637,"href":"https:\/\/elpajaritonews.com\/index.php?rest_route=\/wp\/v2\/posts\/69635\/revisions\/69637"}],"wp:featuredmedia":[{"embeddable":true,"href":"https:\/\/elpajaritonews.com\/index.php?rest_route=\/wp\/v2\/media\/69636"}],"wp:attachment":[{"href":"https:\/\/elpajaritonews.com\/index.php?rest_route=%2Fwp%2Fv2%2Fmedia&parent=69635"}],"wp:term":[{"taxonomy":"category","embeddable":true,"href":"https:\/\/elpajaritonews.com\/index.php?rest_route=%2Fwp%2Fv2%2Fcategories&post=69635"},{"taxonomy":"post_tag","embeddable":true,"href":"https:\/\/elpajaritonews.com\/index.php?rest_route=%2Fwp%2Fv2%2Ftags&post=69635"}],"curies":[{"name":"wp","href":"https:\/\/api.w.org\/{rel}","templated":true}]}}