{"id":69663,"date":"2026-01-19T18:43:46","date_gmt":"2026-01-20T01:43:46","guid":{"rendered":"https:\/\/elpajaritonews.com\/?p=69663"},"modified":"2026-01-19T18:43:48","modified_gmt":"2026-01-20T01:43:48","slug":"celebracion-del-cuarto-festival-del-globo-culmina-con-saldo-blanco","status":"publish","type":"post","link":"https:\/\/elpajaritonews.com\/?p=69663","title":{"rendered":"CELEBRACI\u00d3N DEL CUARTO FESTIVAL DEL GLOBO CULMINA CON SALDO BLANCO"},"content":{"rendered":"\n<p class=\"wp-block-paragraph\">&#8211; Dependencias municipales coordinaron acciones para que hermosillenses y visitantes pudieran disfrutar el amplio programa de actividades en condiciones seguras<\/p>\n\n\n\n<p class=\"wp-block-paragraph\">&#8211; Vuelos en globo aerost\u00e1tico contaron con medidas de seguridad estrictas para quienes vivieron esta experiencia<\/p>\n\n\n\n<p class=\"wp-block-paragraph\">La celebraci\u00f3n del Cuarto Festival del Globo que uni\u00f3 a miles de hermosillenses y visitantes durante tres d\u00edas de espect\u00e1culo visual culmin\u00f3 con saldo blanco, derivado de la coordinaci\u00f3n entre dependencias del Ayuntamiento de Hermosillo para salvaguardar la integridad de familias.<\/p>\n\n\n\n<p class=\"wp-block-paragraph\">La supervisi\u00f3n permanente de la Coordinaci\u00f3n Municipal de Protecci\u00f3n Civil y la Jefatura de Polic\u00eda Preventiva y Tr\u00e1nsito Municipal permitieron que las actividades se desarrollaran de forma ordenada y segura, con presencia operativa y atenci\u00f3n oportuna a cualquier eventualidad, lo que garantiz\u00f3 una experiencia positiva para las miles de personas que acudieron a disfrutar del espect\u00e1culo.<\/p>\n\n\n\n<p class=\"wp-block-paragraph\">El festival fue organizado por el Ayuntamiento de Hermosillo a trav\u00e9s de la Agencia Municipal de Desarrollo Econ\u00f3mico (AMDE) y Desarrollo Tur\u00edstico de la AMDE, dependencias que sumaron esfuerzos para ofrecer un evento familiar en el que los globos aerost\u00e1ticos pudieron ser apreciados y, en algunos casos abordados bajo estrictas medidas de seguridad, brindando tranquilidad a quienes vivieron la experiencia de volar.<\/p>\n\n\n\n<p class=\"wp-block-paragraph\">Durante el programa, miles de asistentes se dieron cita para disfrutar de actividades como la Noche M\u00e1gica, donde se realiz\u00f3 una demostraci\u00f3n de globos aerost\u00e1ticos iluminados que cautiv\u00f3 especialmente a ni\u00f1as y ni\u00f1os, destacando figuras como Bob Esponja, Elvis Presley y el popular Puerco Ara\u00f1a.<\/p>\n\n\n\n<p class=\"wp-block-paragraph\">El Cuarto Festival del Globo tambi\u00e9n incluy\u00f3 un show de drones, conciertos de agrupaciones como Moenia, Los Apson y artistas locales, adem\u00e1s de un corredor gastron\u00f3mico y un \u00e1rea infantil, consolid\u00e1ndose como un evento de gran atractivo que fortaleci\u00f3 tanto la convivencia familiar como el turismo en el municipio.<\/p>\n","protected":false},"excerpt":{"rendered":"<p>&#8211; Dependencias municipales coordinaron acciones para que hermosillenses y visitantes pudieran disfrutar el amplio programa de actividades en condiciones seguras &#8211; Vuelos en globo aerost\u00e1tico contaron con medidas de seguridad estrictas para quienes vivieron esta experiencia La celebraci\u00f3n del Cuarto Festival del Globo que uni\u00f3 a miles de hermosillenses y visitantes durante tres d\u00edas de&#8230;<\/p>\n","protected":false},"author":2,"featured_media":69664,"comment_status":"closed","ping_status":"closed","sticky":false,"template":"","format":"standard","meta":{"_crdt_document":"","_exactmetrics_skip_tracking":false,"_exactmetrics_sitenote_active":false,"_exactmetrics_sitenote_note":"","_exactmetrics_sitenote_category":0,"footnotes":""},"categories":[36,33,22,26,31,1,27,84,69],"tags":[74,75],"class_list":["post-69663","post","type-post","status-publish","format-standard","has-post-thumbnail","hentry","category-economia","category-educacion","category-escena","category-local","category-politica","category-seguridad","category-sonora","category-turismo","category-ultimas-noticias","tag-hermosillo","tag-seguridad-publica"],"_links":{"self":[{"href":"https:\/\/elpajaritonews.com\/index.php?rest_route=\/wp\/v2\/posts\/69663","targetHints":{"allow":["GET"]}}],"collection":[{"href":"https:\/\/elpajaritonews.com\/index.php?rest_route=\/wp\/v2\/posts"}],"about":[{"href":"https:\/\/elpajaritonews.com\/index.php?rest_route=\/wp\/v2\/types\/post"}],"author":[{"embeddable":true,"href":"https:\/\/elpajaritonews.com\/index.php?rest_route=\/wp\/v2\/users\/2"}],"replies":[{"embeddable":true,"href":"https:\/\/elpajaritonews.com\/index.php?rest_route=%2Fwp%2Fv2%2Fcomments&post=69663"}],"version-history":[{"count":1,"href":"https:\/\/elpajaritonews.com\/index.php?rest_route=\/wp\/v2\/posts\/69663\/revisions"}],"predecessor-version":[{"id":69665,"href":"https:\/\/elpajaritonews.com\/index.php?rest_route=\/wp\/v2\/posts\/69663\/revisions\/69665"}],"wp:featuredmedia":[{"embeddable":true,"href":"https:\/\/elpajaritonews.com\/index.php?rest_route=\/wp\/v2\/media\/69664"}],"wp:attachment":[{"href":"https:\/\/elpajaritonews.com\/index.php?rest_route=%2Fwp%2Fv2%2Fmedia&parent=69663"}],"wp:term":[{"taxonomy":"category","embeddable":true,"href":"https:\/\/elpajaritonews.com\/index.php?rest_route=%2Fwp%2Fv2%2Fcategories&post=69663"},{"taxonomy":"post_tag","embeddable":true,"href":"https:\/\/elpajaritonews.com\/index.php?rest_route=%2Fwp%2Fv2%2Ftags&post=69663"}],"curies":[{"name":"wp","href":"https:\/\/api.w.org\/{rel}","templated":true}]}}