{"id":69702,"date":"2026-01-24T15:15:25","date_gmt":"2026-01-24T22:15:25","guid":{"rendered":"https:\/\/elpajaritonews.com\/?p=69702"},"modified":"2026-01-24T15:15:27","modified_gmt":"2026-01-24T22:15:27","slug":"alex-pretti-enfermero-de-cuidados-intensivos-el-asesinado-por-agentes-federales-en-mineapolis","status":"publish","type":"post","link":"https:\/\/elpajaritonews.com\/?p=69702","title":{"rendered":"ALEX PRETTI, ENFERMERO DE CUIDADOS INTENSIVOS, EL ASESINADO POR AGENTES FEDERALES EN MINE\u00c1POLIS"},"content":{"rendered":"\n<p class=\"wp-block-paragraph\">El manifestante de Mine\u00e1polis asesinado a tiros por un oficial federal, era un enfermero de cuidados intensivos de nombre Alex Jeffrey Pretti, de 37 a\u00f1os.<\/p>\n\n\n\n<p class=\"wp-block-paragraph\">Los padres de la v\u00edctima aseguraron que era un \u00e1vido amante de la naturaleza que disfrutaba de las aventuras con Joule, su querido perro leopardo Catahoula, quien tambi\u00e9n falleci\u00f3 recientemente. Particip\u00f3 en las protestas tras el asesinato de Renee Good a manos de un agente del Servicio de Inmigraci\u00f3n y Control de Aduanas de Estados Unidos a principios de este mes.<\/p>\n\n\n\n<p class=\"wp-block-paragraph\">\u201cSe preocupaba profundamente por la gente y estaba muy molesto con lo que estaba sucediendo en Mine\u00e1polis y en todo Estados Unidos con el ICE, como millones de personas m\u00e1s\u201d, dijo Michael Pretti, el padre de Alex. \u201cSent\u00eda que protestar era una forma de expresar su preocupaci\u00f3n por los dem\u00e1s\u201d.<\/p>\n\n\n\n<p class=\"wp-block-paragraph\">Pretti era ciudadano estadunidense, nacido en Illinois. Al igual que Good, los registros judiciales indicaban que no ten\u00eda antecedentes penales y su familia afirm\u00f3 que nunca hab\u00eda tenido contacto con las fuerzas del orden, salvo un par de multas de tr\u00e1fico. En una conversaci\u00f3n reciente con su hijo, sus padres, que viven en Wisconsin, le dijeron que tuviera cuidado al protestar.<\/p>\n\n\n\n<p class=\"wp-block-paragraph\">Un m\u00e9dico del Departamento de Asuntos de Veteranos en Mine\u00e1polis,\u202a Dimitri Drekonja, identific\u00f3 a la v\u00edctima como un<\/p>\n\n\n\n<p class=\"wp-block-paragraph\">compa\u00f1ero suyo:<\/p>\n\n\n\n<p class=\"wp-block-paragraph\">\u201cAlex Pretti era colega en el Departamento de Asuntos de Veteranos. Lo contratamos para reclutar para nuestro ensayo. Se convirti\u00f3 en enfermero de cuidados intensivos; me encant\u00f3 trabajar con \u00e9l. Era una persona amable y bondadosa que viv\u00eda para ayudar, y estos cabrones lo asesinaron\u201d, dijo en su perfil de Blue Sky Social.<\/p>\n\n\n\n<p class=\"wp-block-paragraph\">Por el asesinato de Alex Pretti, ciudadanos en Mine\u00e1polis instalaron un monumento improvisado que comenzaba a tomar forma en una parada de autob\u00fas junto al lugar del tiroteo. La gente dej\u00f3 flores y encendi\u00f3 velas.<\/p>\n\n\n\n<p class=\"wp-block-paragraph\">Mientras tanto, Allison Bross abri\u00f3 su tienda de moda, b. Resale, que se ubica junto al lugar del tiroteo, para que los manifestantes pudieran comprar comida, agua, usar el ba\u00f1o, recibir atenci\u00f3n m\u00e9dica y descansar de las g\u00e9lidas temperaturas del exterior.<\/p>\n\n\n\n<p class=\"wp-block-paragraph\">\u201cSomos un negocio comunitario; no existimos sin la comunidad\u201d, dijo. \u201cAs\u00ed que, si nos enteramos de que alguien en nuestro vecindario est\u00e1 sufriendo, estar\u00e9 aqu\u00ed de inmediato\u201d.<\/p>\n\n\n\n<p class=\"wp-block-paragraph\">Jefe de polic\u00eda de Mine\u00e1polis confirma que Alex Pretti era un \u00abciudadano estadunidense\u00bb<\/p>\n\n\n\n<p class=\"wp-block-paragraph\">El jefe de polic\u00eda de Mine\u00e1polis, Brian O&#8217;Hara, dijo que la persona fallecida es un \u00abciudadano estadunidense\u00bb. La v\u00edctima ha sido identificada como Alex Pretti, residente del sur de Mine\u00e1polis, seg\u00fan &#8216;The Minnesota Star-Tribune&#8217;.<\/p>\n\n\n\n<p class=\"wp-block-paragraph\">En medio de las redadas migratorias, el ciudadano estadunidense de 37 a\u00f1os, Alex Pretti, se manifestaba contra las redadas migratorias en Mine\u00e1polis que inst\u00f3 Trump como parte de la campa\u00f1a antimigratoria de su gobierno, que ha generado una ola de rechazo en varios estados de EU.<\/p>\n\n\n\n<p class=\"wp-block-paragraph\">Seg\u00fan el Departamento de Seguridad Nacional, el hombre fallecido era un \u00abinmigrante ilegal buscado por agresi\u00f3n violenta\u00bb que portaba una pistola de 9 mm cuando fue abordado por agentes. La agencia afirma que el hombre pretend\u00eda \u00abmasacrar a las fuerzas del orden\u00bb.<\/p>\n\n\n\n<p class=\"wp-block-paragraph\">Los funcionarios de la ciudad dijeron que su \u00fanico contacto anterior con la polic\u00eda fue por infracciones de tr\u00e1nsito y que ten\u00eda licencia para poseer armas.<\/p>\n\n\n\n<p class=\"wp-block-paragraph\">El asesor de Trump, Stephen Miller, ha calificado a Pretti de \u201cterrorista dom\u00e9stico\u201d que \u201cintent\u00f3 asesinar a agentes del orden federal\u201d.<\/p>\n\n\n\n<p class=\"wp-block-paragraph\">El jefe de la polic\u00edas de Mine\u00e1polis, Brian O&#8217;Hara, se\u00f1al\u00f3 que el incidente marca la \u00faltima escalada de tensi\u00f3n entre las comunidades de la ciudad y los agentes federales que act\u00faan en nombre del Departamento de Seguridad Nacional tras la muerte a tiros de Renee Good a principios de este mes. Ella tambi\u00e9n ten\u00eda 37 a\u00f1os.<\/p>\n\n\n\n<p class=\"wp-block-paragraph\">El video del tiroteo muestra a un grupo de agentes forcejeando con un hombre en una calle de la ciudad antes de que se produzcan al menos diez disparos. Se desconocen las circunstancias que llevaron al tiroteo.<\/p>\n\n\n\n<p class=\"wp-block-paragraph\">&#8216;El Minnesota Star-Tribune&#8217; informa que el hombre recibi\u00f3 un disparo en el pecho y fue trasladado de urgencia a un hospital cercano.<\/p>\n\n\n\n<p class=\"wp-block-paragraph\">Bill Melugin, de Fox News, tuite\u00f3 que una fuente del Departamento de Seguridad Nacional afirm\u00f3 que el sospechoso estaba armado. Melguin public\u00f3 entonces una foto de una pistola en el asiento del coche que supuestamente pertenec\u00eda al hombre herido.<\/p>\n\n\n\n<p class=\"wp-block-paragraph\">Tras el tiroteo, una multitud enfurecida se reuni\u00f3 y grit\u00f3 groser\u00edas a los agentes federales, llam\u00e1ndolos \u00abcobardes\u00bb y dici\u00e9ndoles que se fueran a casa. Un agente respondi\u00f3 burlonamente mientras se alejaba, dici\u00e9ndoles: \u00ab\u00a1Buu!\u00bb.&nbsp;<\/p>\n\n\n\n<p class=\"wp-block-paragraph\">La intersecci\u00f3n donde ocurri\u00f3 el tiroteo ha sido bloqueada y agentes de la Patrulla Fronteriza se encuentran en el lugar, intentando calmar las protestas.&nbsp;<\/p>\n\n\n\n<p class=\"wp-block-paragraph\">Se estima que m\u00e1s de 2 mil agentes federales est\u00e1n recorriendo las calles de Mine\u00e1polis-St. Paul en busca de inmigrantes para detenerlos, y el Departamento de Seguridad Nacional de los EU informa m\u00e1s de 3 mil arrestos desde principios de diciembre, los residentes se han organizado para monitorear, interrumpir y protestar contra la represi\u00f3n en las calles.<\/p>\n","protected":false},"excerpt":{"rendered":"<p>El manifestante de Mine\u00e1polis asesinado a tiros por un oficial federal, era un enfermero de cuidados intensivos de nombre Alex Jeffrey Pretti, de 37 a\u00f1os. Los padres de la v\u00edctima aseguraron que era un \u00e1vido amante de la naturaleza que disfrutaba de las aventuras con Joule, su querido perro leopardo Catahoula, quien tambi\u00e9n falleci\u00f3 recientemente&#8230;.<\/p>\n","protected":false},"author":2,"featured_media":69703,"comment_status":"closed","ping_status":"closed","sticky":false,"template":"","format":"standard","meta":{"_crdt_document":"","_exactmetrics_skip_tracking":false,"_exactmetrics_sitenote_active":false,"_exactmetrics_sitenote_note":"","_exactmetrics_sitenote_category":0,"footnotes":""},"categories":[17,80,89,88,31,1,27,69],"tags":[87,365,75],"class_list":["post-69702","post","type-post","status-publish","format-standard","has-post-thumbnail","hentry","category-arizona","category-derechos-humanos","category-estados-unidos","category-justicia","category-politica","category-seguridad","category-sonora","category-ultimas-noticias","tag-estados-unidos","tag-mineapolis","tag-seguridad-publica"],"_links":{"self":[{"href":"https:\/\/elpajaritonews.com\/index.php?rest_route=\/wp\/v2\/posts\/69702","targetHints":{"allow":["GET"]}}],"collection":[{"href":"https:\/\/elpajaritonews.com\/index.php?rest_route=\/wp\/v2\/posts"}],"about":[{"href":"https:\/\/elpajaritonews.com\/index.php?rest_route=\/wp\/v2\/types\/post"}],"author":[{"embeddable":true,"href":"https:\/\/elpajaritonews.com\/index.php?rest_route=\/wp\/v2\/users\/2"}],"replies":[{"embeddable":true,"href":"https:\/\/elpajaritonews.com\/index.php?rest_route=%2Fwp%2Fv2%2Fcomments&post=69702"}],"version-history":[{"count":1,"href":"https:\/\/elpajaritonews.com\/index.php?rest_route=\/wp\/v2\/posts\/69702\/revisions"}],"predecessor-version":[{"id":69704,"href":"https:\/\/elpajaritonews.com\/index.php?rest_route=\/wp\/v2\/posts\/69702\/revisions\/69704"}],"wp:featuredmedia":[{"embeddable":true,"href":"https:\/\/elpajaritonews.com\/index.php?rest_route=\/wp\/v2\/media\/69703"}],"wp:attachment":[{"href":"https:\/\/elpajaritonews.com\/index.php?rest_route=%2Fwp%2Fv2%2Fmedia&parent=69702"}],"wp:term":[{"taxonomy":"category","embeddable":true,"href":"https:\/\/elpajaritonews.com\/index.php?rest_route=%2Fwp%2Fv2%2Fcategories&post=69702"},{"taxonomy":"post_tag","embeddable":true,"href":"https:\/\/elpajaritonews.com\/index.php?rest_route=%2Fwp%2Fv2%2Ftags&post=69702"}],"curies":[{"name":"wp","href":"https:\/\/api.w.org\/{rel}","templated":true}]}}