{"id":69923,"date":"2026-02-11T18:39:20","date_gmt":"2026-02-12T01:39:20","guid":{"rendered":"https:\/\/elpajaritonews.com\/?p=69923"},"modified":"2026-02-11T18:39:23","modified_gmt":"2026-02-12T01:39:23","slug":"reafirma-tono-astiazaran-compromiso-para-impulsar-la-competitividad-y-el-empleo-en-hermosillo","status":"publish","type":"post","link":"https:\/\/elpajaritonews.com\/?p=69923","title":{"rendered":"\u202cREAFIRMA TO\u00d1O ASTIAZAR\u00c1N COMPROMISO PARA IMPULSAR LA COMPETITIVIDAD Y EL EMPLEO EN HERMOSILLO"},"content":{"rendered":"\n<p class=\"wp-block-paragraph\">&#8211; Al tomar protesta a los integrantes de la nueva mesa directiva de la C\u00e1mara Nacional de la Industria de la Transformaci\u00f3n (CANACINTRA) delegaci\u00f3n Hermosillo.<\/p>\n\n\n\n<p class=\"wp-block-paragraph\">El presidente municipal, Antonio Astiazar\u00e1n Guti\u00e9rrez, reafirm\u00f3 ante agremiados de CANACINTRA Hermosillo el compromiso de su administraci\u00f3n con la creaci\u00f3n de un ambiente favorable a la inversi\u00f3n productiva, a la vez que llam\u00f3 a las y los empresarios a continuar trabajando en equipo por la competitividad de la capital sonorense y todo el estado.<\/p>\n\n\n\n<p class=\"wp-block-paragraph\">Durante la sesi\u00f3n anual ordinaria, To\u00f1o Astiazar\u00e1n tom\u00f3 protesta a Iv\u00e1n Contreras Tapia, quien asumi\u00f3 la dirigencia del organismo, en relevo de Juan \u00c1lvaro Corral Aguirre.<\/p>\n\n\n\n<p class=\"wp-block-paragraph\">\u201cEn el Gobierno Municipal de Hermosillo seguiremos siendo, como ustedes lo saben, aliados, creemos que el Gobierno solo no puede, necesitamos trabajar de la mano, unidos\u201d, recalc\u00f3.<\/p>\n\n\n\n<p class=\"wp-block-paragraph\">Destac\u00f3 logros importantes en materia de mejora regulatoria en Hermosillo, gracias a la suma de esfuerzos entre el empresariado y el Gobierno Municipal, que redujo a 217 los 386 tr\u00e1mites relacionados con la apertura de empresas que hab\u00eda en 2021, de los cuales 121 son actualmente 100% digitales.<\/p>\n\n\n\n<p class=\"wp-block-paragraph\">Mencion\u00f3 tambi\u00e9n como un acierto la plataforma H Digital, que hace posible que quienes tienen inter\u00e9s de invertir en Hermosillo puedan realizar los tr\u00e1mites municipales pertinentes completamente en l\u00ednea.&nbsp;<\/p>\n\n\n\n<p class=\"wp-block-paragraph\">\u201cAlcalde Antonio Astiazar\u00e1n, cuente con nuestra C\u00e1mara como Aliada en la construcci\u00f3n de un nuevo Hermosillo m\u00e1s competitivo y con mejores oportunidades\u201d, le expres\u00f3 el nuevo dirigente del conglomerado empresarial.<\/p>\n\n\n\n<p class=\"wp-block-paragraph\">En el evento estuvieron el C\u00f3nsul General de Estados Unidos en Hermosillo Drew Hoster; Laura Velarde Araiza, representante de CANACINTRA nacional y Roberto Gradillas Pineda, secretario de Econom\u00eda y Turismo y representante en esta ocasi\u00f3n del gobernador Alfonso Durazo Monta\u00f1o.<\/p>\n","protected":false},"excerpt":{"rendered":"<p>&#8211; Al tomar protesta a los integrantes de la nueva mesa directiva de la C\u00e1mara Nacional de la Industria de la Transformaci\u00f3n (CANACINTRA) delegaci\u00f3n Hermosillo. El presidente municipal, Antonio Astiazar\u00e1n Guti\u00e9rrez, reafirm\u00f3 ante agremiados de CANACINTRA Hermosillo el compromiso de su administraci\u00f3n con la creaci\u00f3n de un ambiente favorable a la inversi\u00f3n productiva, a la&#8230;<\/p>\n","protected":false},"author":2,"featured_media":69924,"comment_status":"closed","ping_status":"closed","sticky":false,"template":"","format":"standard","meta":{"_crdt_document":"","_exactmetrics_skip_tracking":false,"_exactmetrics_sitenote_active":false,"_exactmetrics_sitenote_note":"","_exactmetrics_sitenote_category":0,"footnotes":""},"categories":[17,18,36,22,89,26,23,38,31,1,27,84,69],"tags":[74],"class_list":["post-69923","post","type-post","status-publish","format-standard","has-post-thumbnail","hentry","category-arizona","category-ciencia","category-economia","category-escena","category-estados-unidos","category-local","category-mexico","category-migracion","category-politica","category-seguridad","category-sonora","category-turismo","category-ultimas-noticias","tag-hermosillo"],"_links":{"self":[{"href":"https:\/\/elpajaritonews.com\/index.php?rest_route=\/wp\/v2\/posts\/69923","targetHints":{"allow":["GET"]}}],"collection":[{"href":"https:\/\/elpajaritonews.com\/index.php?rest_route=\/wp\/v2\/posts"}],"about":[{"href":"https:\/\/elpajaritonews.com\/index.php?rest_route=\/wp\/v2\/types\/post"}],"author":[{"embeddable":true,"href":"https:\/\/elpajaritonews.com\/index.php?rest_route=\/wp\/v2\/users\/2"}],"replies":[{"embeddable":true,"href":"https:\/\/elpajaritonews.com\/index.php?rest_route=%2Fwp%2Fv2%2Fcomments&post=69923"}],"version-history":[{"count":1,"href":"https:\/\/elpajaritonews.com\/index.php?rest_route=\/wp\/v2\/posts\/69923\/revisions"}],"predecessor-version":[{"id":69925,"href":"https:\/\/elpajaritonews.com\/index.php?rest_route=\/wp\/v2\/posts\/69923\/revisions\/69925"}],"wp:featuredmedia":[{"embeddable":true,"href":"https:\/\/elpajaritonews.com\/index.php?rest_route=\/wp\/v2\/media\/69924"}],"wp:attachment":[{"href":"https:\/\/elpajaritonews.com\/index.php?rest_route=%2Fwp%2Fv2%2Fmedia&parent=69923"}],"wp:term":[{"taxonomy":"category","embeddable":true,"href":"https:\/\/elpajaritonews.com\/index.php?rest_route=%2Fwp%2Fv2%2Fcategories&post=69923"},{"taxonomy":"post_tag","embeddable":true,"href":"https:\/\/elpajaritonews.com\/index.php?rest_route=%2Fwp%2Fv2%2Ftags&post=69923"}],"curies":[{"name":"wp","href":"https:\/\/api.w.org\/{rel}","templated":true}]}}