{"id":70010,"date":"2026-02-16T20:08:12","date_gmt":"2026-02-17T03:08:12","guid":{"rendered":"https:\/\/elpajaritonews.com\/?p=70010"},"modified":"2026-02-16T20:08:14","modified_gmt":"2026-02-17T03:08:14","slug":"retiran-de-las-calles-mas-de-900-armas-y-refuerzan-la-seguridad-en-sonora","status":"publish","type":"post","link":"https:\/\/elpajaritonews.com\/?p=70010","title":{"rendered":"RETIRAN DE LAS CALLES M\u00c1S DE 900 ARMAS Y REFUERZAN LA SEGURIDAD EN SONORA"},"content":{"rendered":"\n<p class=\"wp-block-paragraph\">Como resultado de las acciones firmes de inteligencia y coordinaci\u00f3n operativa en la <strong>Mesa Estatal de Seguridad<\/strong>, el gobernador <strong>Alfonso Durazo<\/strong> encabez\u00f3 la ceremonia de destrucci\u00f3n de armamento y municiones aseguradas en el estado.<\/p>\n\n\n\n<p class=\"wp-block-paragraph\">Este golpe al crimen organizado saca de circulaci\u00f3n herramientas utilizadas para la violencia, garantizando mayor tranquilidad para las familias sonorenses.<\/p>\n\n\n\n<h3 class=\"wp-block-heading\">\ud83d\udcca El balance de lo destruido:<\/h3>\n\n\n\n<p class=\"wp-block-paragraph\">Gracias al trabajo conjunto con la <strong>SEDENA<\/strong> y corporaciones de los tres niveles de gobierno, se eliminaron:<\/p>\n\n\n\n<ul class=\"wp-block-list\">\n<li><strong>625<\/strong> armas largas.<\/li>\n\n\n\n<li><strong>350<\/strong> armas cortas.<\/li>\n\n\n\n<li><strong>4,485<\/strong> cargadores.<\/li>\n\n\n\n<li><strong>212,286<\/strong> cartuchos de diversos calibres.<\/li>\n<\/ul>\n\n\n\n<blockquote class=\"wp-block-quote is-layout-flow wp-block-quote-is-layout-flow\">\n<p class=\"wp-block-paragraph\">\u00abHablar de este n\u00famero de armas, cartuchos y cargadores representa un esfuerzo extraordinario de todas las instituciones que participamos en la Mesa Estatal de Seguridad P\u00fablica\u00bb, destac\u00f3 el mandatario estatal.<\/p>\n<\/blockquote>\n\n\n\n<h3 class=\"wp-block-heading\">\ud83e\udd1d Compromiso por la paz<\/h3>\n\n\n\n<p class=\"wp-block-paragraph\">Con estas acciones, el Gobierno de Sonora refrenda su compromiso de avanzar en el <strong>desarme de las organizaciones criminales<\/strong> y fortalecer la integridad de la ciudadan\u00eda a trav\u00e9s de la inteligencia y la cooperaci\u00f3n interinstitucional.<\/p>\n\n\n\n<p class=\"wp-block-paragraph\">Al evento asistieron mandos de la Cuarta Zona Militar, Segunda Regi\u00f3n Naval, Guardia Nacional, as\u00ed como representantes del Poder Judicial y el Congreso del Estado, consolidando un frente unido contra la delincuencia.<\/p>\n\n\n\n<figure class=\"wp-block-embed is-type-rich is-provider-twitter wp-block-embed-twitter\"><div class=\"wp-block-embed__wrapper\">\n<blockquote class=\"twitter-tweet\" data-width=\"550\" data-dnt=\"true\"><p lang=\"es\" dir=\"ltr\">RETIRAN DE LAS CALLES M\u00c1S DE 900 ARMAS Y REFUERZAN LA SEGURIDAD EN SONORA \ud83d\udee1\ufe0f\u26a0\ufe0f<br><br>Como resultado de las acciones firmes de inteligencia y coordinaci\u00f3n operativa en la Mesa Estatal de Seguridad, el gobernador Alfonso Durazo encabez\u00f3 la ceremonia de destrucci\u00f3n de armamento y\u2026 <a href=\"https:\/\/t.co\/tF6oGqtMnl\">pic.twitter.com\/tF6oGqtMnl<\/a><\/p>&mdash; Isela H.Beltz (@IselaHong) <a href=\"https:\/\/twitter.com\/IselaHong\/status\/2023594775027610013?ref_src=twsrc%5Etfw\">February 17, 2026<\/a><\/blockquote><script async src=\"https:\/\/platform.twitter.com\/widgets.js\" charset=\"utf-8\"><\/script>\n<\/div><\/figure>\n\n\n\n<p class=\"wp-block-paragraph\">#Sonora #SeguridadSonora #MesaDeSeguridad #AlfonsoDurazo #SEDENA #PazYJusticia<\/p>\n","protected":false},"excerpt":{"rendered":"<p>Como resultado de las acciones firmes de inteligencia y coordinaci\u00f3n operativa en la Mesa Estatal de Seguridad, el gobernador Alfonso Durazo encabez\u00f3 la ceremonia de destrucci\u00f3n de armamento y municiones aseguradas en el estado. Este golpe al crimen organizado saca de circulaci\u00f3n herramientas utilizadas para la violencia, garantizando mayor tranquilidad para las familias sonorenses. \ud83d\udcca&#8230;<\/p>\n","protected":false},"author":2,"featured_media":70011,"comment_status":"closed","ping_status":"closed","sticky":false,"template":"","format":"standard","meta":{"_crdt_document":"","_exactmetrics_skip_tracking":false,"_exactmetrics_sitenote_active":false,"_exactmetrics_sitenote_note":"","_exactmetrics_sitenote_category":0,"footnotes":""},"categories":[80,88,26,23,31,1,27,69,65],"tags":[71,72,74,28,30],"class_list":["post-70010","post","type-post","status-publish","format-standard","has-post-thumbnail","hentry","category-derechos-humanos","category-justicia","category-local","category-mexico","category-politica","category-seguridad","category-sonora","category-ultimas-noticias","category-videos","tag-alfonso-durazo","tag-claudia-sheinbaum","tag-hermosillo","tag-nogales","tag-sonora-tierra-de-oportunidades"],"_links":{"self":[{"href":"https:\/\/elpajaritonews.com\/index.php?rest_route=\/wp\/v2\/posts\/70010","targetHints":{"allow":["GET"]}}],"collection":[{"href":"https:\/\/elpajaritonews.com\/index.php?rest_route=\/wp\/v2\/posts"}],"about":[{"href":"https:\/\/elpajaritonews.com\/index.php?rest_route=\/wp\/v2\/types\/post"}],"author":[{"embeddable":true,"href":"https:\/\/elpajaritonews.com\/index.php?rest_route=\/wp\/v2\/users\/2"}],"replies":[{"embeddable":true,"href":"https:\/\/elpajaritonews.com\/index.php?rest_route=%2Fwp%2Fv2%2Fcomments&post=70010"}],"version-history":[{"count":1,"href":"https:\/\/elpajaritonews.com\/index.php?rest_route=\/wp\/v2\/posts\/70010\/revisions"}],"predecessor-version":[{"id":70012,"href":"https:\/\/elpajaritonews.com\/index.php?rest_route=\/wp\/v2\/posts\/70010\/revisions\/70012"}],"wp:featuredmedia":[{"embeddable":true,"href":"https:\/\/elpajaritonews.com\/index.php?rest_route=\/wp\/v2\/media\/70011"}],"wp:attachment":[{"href":"https:\/\/elpajaritonews.com\/index.php?rest_route=%2Fwp%2Fv2%2Fmedia&parent=70010"}],"wp:term":[{"taxonomy":"category","embeddable":true,"href":"https:\/\/elpajaritonews.com\/index.php?rest_route=%2Fwp%2Fv2%2Fcategories&post=70010"},{"taxonomy":"post_tag","embeddable":true,"href":"https:\/\/elpajaritonews.com\/index.php?rest_route=%2Fwp%2Fv2%2Ftags&post=70010"}],"curies":[{"name":"wp","href":"https:\/\/api.w.org\/{rel}","templated":true}]}}