{"id":70426,"date":"2026-03-20T08:49:09","date_gmt":"2026-03-20T15:49:09","guid":{"rendered":"https:\/\/elpajaritonews.com\/?p=70426"},"modified":"2026-03-20T08:49:10","modified_gmt":"2026-03-20T15:49:10","slug":"diputados-norberto-barraza-y-amairany-pena-acercan-jornadas-medicas-gratuitas-en-hermosillo-y-sus-comunidades-rurales","status":"publish","type":"post","link":"https:\/\/elpajaritonews.com\/?p=70426","title":{"rendered":"DIPUTADOS NORBERTO BARRAZA Y AMAIRANY PE\u00d1A ACERCAN JORNADAS M\u00c9DICAS GRATUITAS EN HERMOSILLO Y SUS COMUNIDADES RURALES"},"content":{"rendered":"\n<p class=\"wp-block-paragraph\">Con el firme compromiso de priorizar la salud y el bienestar de las familias sonorenses, los diputados Amairany Pe\u00f1a y Norberto Barraza refuerzan su labor social mediante la implementaci\u00f3n de jornadas m\u00e9dicas integrales en diversas colonias de la capital y sus zonas rurales.<\/p>\n\n\n\n<p class=\"wp-block-paragraph\">Atenci\u00f3n Directa en Lomas del Norte<br>Recientemente, los legisladores visitaron la colonia Lomas del Norte, donde se instal\u00f3 un m\u00f3dulo de atenci\u00f3n multidisciplinario. Durante esta actividad, los vecinos pudieron acceder a servicios cr\u00edticos sin costo alguno, facilitando el cuidado de la salud sin afectar la econom\u00eda familiar.<\/p>\n\n\n\n<figure class=\"wp-block-embed is-type-rich is-provider-twitter wp-block-embed-twitter\"><div class=\"wp-block-embed__wrapper\">\n<blockquote class=\"twitter-tweet\" data-width=\"550\" data-dnt=\"true\"><p lang=\"es\" dir=\"ltr\">Los diputados <a href=\"https:\/\/twitter.com\/BarrazaAlmazan?ref_src=twsrc%5Etfw\">@BarrazaAlmazan<\/a> y <a href=\"https:\/\/twitter.com\/amairanipe25?ref_src=twsrc%5Etfw\">@amairanipe25<\/a>  siguen trabajando por las familias de <a href=\"https:\/\/twitter.com\/hashtag\/Hermosillo?src=hash&amp;ref_src=twsrc%5Etfw\">#Hermosillo<\/a>. Con el objetivo de cuidar lo m\u00e1s valioso que tenemos, las jornadas m\u00e9dicas gratuitas contin\u00faan recorriendo nuestras colonias y comunidades rurales. <a href=\"https:\/\/twitter.com\/CongresoSon?ref_src=twsrc%5Etfw\">@CongresoSon<\/a> <a href=\"https:\/\/t.co\/4teOJwFnOh\">pic.twitter.com\/4teOJwFnOh<\/a><\/p>&mdash; PajaritoNews (@elpajaritonews) <a href=\"https:\/\/twitter.com\/elpajaritonews\/status\/2034775473855897898?ref_src=twsrc%5Etfw\">March 19, 2026<\/a><\/blockquote><script async src=\"https:\/\/platform.twitter.com\/widgets.js\" charset=\"utf-8\"><\/script>\n<\/div><\/figure>\n\n\n\n<p class=\"wp-block-paragraph\">Servicios ofrecidos durante la jornada:<\/p>\n\n\n\n<p class=\"wp-block-paragraph\">Salud Preventiva: Aplicaci\u00f3n de vacunas y pruebas de ant\u00edgeno prost\u00e1tico.<\/p>\n\n\n\n<p class=\"wp-block-paragraph\">Consultas M\u00e9dicas: Atenci\u00f3n general y servicios dentales.<\/p>\n\n\n\n<p class=\"wp-block-paragraph\">Tr\u00e1mites Legales: Asesor\u00eda y gesti\u00f3n de documentos ante el Registro Civil.<\/p>\n\n\n\n<p class=\"wp-block-paragraph\">\u00abEl objetivo primordial es atender de manera cercana las necesidades de la ciudadan\u00eda, llevando los servicios esenciales directamente a donde la gente vive\u00bb, coincidieron los legisladores.<\/p>\n\n\n\n<p class=\"wp-block-paragraph\">Pr\u00f3ximas Visitas<br>Pe\u00f1a y Barraza informaron que este programa de atenci\u00f3n ciudadana es permanente. Las jornadas seguir\u00e1n recorriendo m\u00e1s sectores de Hermosillo y sus comunidades rurales para asegurar que ninguna zona quede desatendida.<\/p>\n\n\n\n<p class=\"wp-block-paragraph\">Se invita a la poblaci\u00f3n a seguir las redes sociales oficiales de los diputados para conocer las pr\u00f3ximas fechas y ubicaciones de estos operativos de salud.<\/p>\n","protected":false},"excerpt":{"rendered":"<p>Con el firme compromiso de priorizar la salud y el bienestar de las familias sonorenses, los diputados Amairany Pe\u00f1a y Norberto Barraza refuerzan su labor social mediante la implementaci\u00f3n de jornadas m\u00e9dicas integrales en diversas colonias de la capital y sus zonas rurales. Atenci\u00f3n Directa en Lomas del NorteRecientemente, los legisladores visitaron la colonia Lomas&#8230;<\/p>\n","protected":false},"author":2,"featured_media":70427,"comment_status":"closed","ping_status":"closed","sticky":false,"template":"","format":"standard","meta":{"_crdt_document":"","_exactmetrics_skip_tracking":false,"_exactmetrics_sitenote_active":false,"_exactmetrics_sitenote_note":"","_exactmetrics_sitenote_category":0,"footnotes":""},"categories":[20,26,31,27,69,65],"tags":[73],"class_list":["post-70426","post","type-post","status-publish","format-standard","has-post-thumbnail","hentry","category-congreso","category-local","category-politica","category-sonora","category-ultimas-noticias","category-videos","tag-congreso-del-estado-de-sonora"],"_links":{"self":[{"href":"https:\/\/elpajaritonews.com\/index.php?rest_route=\/wp\/v2\/posts\/70426","targetHints":{"allow":["GET"]}}],"collection":[{"href":"https:\/\/elpajaritonews.com\/index.php?rest_route=\/wp\/v2\/posts"}],"about":[{"href":"https:\/\/elpajaritonews.com\/index.php?rest_route=\/wp\/v2\/types\/post"}],"author":[{"embeddable":true,"href":"https:\/\/elpajaritonews.com\/index.php?rest_route=\/wp\/v2\/users\/2"}],"replies":[{"embeddable":true,"href":"https:\/\/elpajaritonews.com\/index.php?rest_route=%2Fwp%2Fv2%2Fcomments&post=70426"}],"version-history":[{"count":1,"href":"https:\/\/elpajaritonews.com\/index.php?rest_route=\/wp\/v2\/posts\/70426\/revisions"}],"predecessor-version":[{"id":70428,"href":"https:\/\/elpajaritonews.com\/index.php?rest_route=\/wp\/v2\/posts\/70426\/revisions\/70428"}],"wp:featuredmedia":[{"embeddable":true,"href":"https:\/\/elpajaritonews.com\/index.php?rest_route=\/wp\/v2\/media\/70427"}],"wp:attachment":[{"href":"https:\/\/elpajaritonews.com\/index.php?rest_route=%2Fwp%2Fv2%2Fmedia&parent=70426"}],"wp:term":[{"taxonomy":"category","embeddable":true,"href":"https:\/\/elpajaritonews.com\/index.php?rest_route=%2Fwp%2Fv2%2Fcategories&post=70426"},{"taxonomy":"post_tag","embeddable":true,"href":"https:\/\/elpajaritonews.com\/index.php?rest_route=%2Fwp%2Fv2%2Ftags&post=70426"}],"curies":[{"name":"wp","href":"https:\/\/api.w.org\/{rel}","templated":true}]}}