{"id":70627,"date":"2026-04-05T15:05:25","date_gmt":"2026-04-05T22:05:25","guid":{"rendered":"https:\/\/elpajaritonews.com\/?p=70627"},"modified":"2026-04-05T15:05:27","modified_gmt":"2026-04-05T22:05:27","slug":"con-el-respaldo-de-sheinbaum-y-durazo-consolida-a-sonora-como-eje-tecnologico-de-norteamerica","status":"publish","type":"post","link":"https:\/\/elpajaritonews.com\/?p=70627","title":{"rendered":"CON EL RESPALDO DE SHEINBAUM Y DURAZO CONSOLIDA A SONORA COMO EJE TECNOL\u00d3GICO DE NORTEAM\u00c9RICA"},"content":{"rendered":"\n<hr class=\"wp-block-separator has-alpha-channel-opacity\"\/>\n\n\n\n<p class=\"wp-block-paragraph\"><strong>HERMOSILLO, SONORA.<\/strong> \u2013 En un movimiento estrat\u00e9gico para la econom\u00eda regional, el gobernador <strong>Alfonso Durazo Monta\u00f1o<\/strong> present\u00f3 el nuevo <strong>Polo de Desarrollo para el Bienestar en Hermosillo<\/strong>. Esta iniciativa, respaldada por la presidenta <strong>Claudia Sheinbaum Pardo<\/strong>, busca posicionar definitivamente al estado como un nodo competitivo y esencial en la cadena de suministro de alta tecnolog\u00eda en Am\u00e9rica del Norte.<\/p>\n\n\n\n<h3 class=\"wp-block-heading\">El Plan Sonora y el impulso del Nearshoring<\/h3>\n\n\n\n<p class=\"wp-block-paragraph\">El mandatario estatal subray\u00f3 que este proyecto no es un esfuerzo aislado, sino que se vincula directamente con el <strong>Plan M\u00e9xico<\/strong> y el <strong>Plan Sonora de Energ\u00edas Sostenibles<\/strong>. El objetivo central es integrar la pol\u00edtica industrial nacional con infraestructura de vanguardia para capitalizar las oportunidades del <em>nearshoring<\/em> en la frontera.<\/p>\n\n\n\n<blockquote class=\"wp-block-quote is-layout-flow wp-block-quote-is-layout-flow\">\n<p class=\"wp-block-paragraph\">\u201cEstamos traduciendo la inversi\u00f3n extranjera directa en bienestar social, innovaci\u00f3n y transferencia tecnol\u00f3gica para las y los sonorenses\u201d, afirm\u00f3 Durazo Monta\u00f1o.<\/p>\n<\/blockquote>\n\n\n\n<h3 class=\"wp-block-heading\">Alianza Estrat\u00e9gica: Sonora-Arizona-Taiw\u00e1n<\/h3>\n\n\n\n<p class=\"wp-block-paragraph\">Uno de los pilares fundamentales de este Polo de Desarrollo es la consolidaci\u00f3n de la alianza trilateral entre <strong>Sonora, Arizona y Taiw\u00e1n<\/strong>. Esta sinergia se enfoca en tres ejes cr\u00edticos:<\/p>\n\n\n\n<ol start=\"1\" class=\"wp-block-list\">\n<li><strong>Atracci\u00f3n de inversiones<\/strong> de alto valor.<\/li>\n\n\n\n<li><strong>Formaci\u00f3n de talento especializado<\/strong> para la industria de semiconductores y tecnolog\u00eda.<\/li>\n\n\n\n<li><strong>Complementariedad industrial<\/strong> con el estado vecino de Arizona, fortaleciendo la visi\u00f3n de la \u00abMegarregi\u00f3n\u00bb.<\/li>\n<\/ol>\n\n\n\n<hr class=\"wp-block-separator has-alpha-channel-opacity\"\/>\n\n\n\n<h3 class=\"wp-block-heading\">Innovaci\u00f3n con Impacto Social<\/h3>\n\n\n\n<p class=\"wp-block-paragraph\">A diferencia de los modelos industriales tradicionales, el Polo de Desarrollo integra un fuerte componente social y sustentable:<\/p>\n\n\n\n<ul class=\"wp-block-list\">\n<li><strong>Energ\u00eda Sustentable:<\/strong> Instalaci\u00f3n de m\u00f3dulos solares en hogares vulnerables.<\/li>\n\n\n\n<li><strong>Investigaci\u00f3n y Desarrollo:<\/strong> Creaci\u00f3n de centros de investigaci\u00f3n vinculados directamente a la industria.<\/li>\n\n\n\n<li><strong>Fortalecimiento del Talento Local:<\/strong> Vinculaci\u00f3n acad\u00e9mica para asegurar que los empleos de alta especializaci\u00f3n sean ocupados por sonorenses.<\/li>\n<\/ul>\n\n\n\n<h3 class=\"wp-block-heading\">Presencia de Liderazgo Nacional e Internacional<\/h3>\n\n\n\n<p class=\"wp-block-paragraph\">El evento cont\u00f3 con una nutrida representaci\u00f3n de funcionarios federales y l\u00edderes tecnol\u00f3gicos, destacando la presencia de:<\/p>\n\n\n\n<ul class=\"wp-block-list\">\n<li><strong>Rosaura Ruiz Guti\u00e9rrez<\/strong>, titular de la Secretar\u00eda de Ciencias, Humanidades, Tecnolog\u00eda e Innovaci\u00f3n (SECIHTI).<\/li>\n\n\n\n<li><strong>Cuitl\u00e1huac Garc\u00eda Jim\u00e9nez<\/strong>, director general de Cenegas.<\/li>\n\n\n\n<li><strong>Alan Tsao<\/strong>, presidente del Instituto de Investigaci\u00f3n en Tecnolog\u00eda Industrial (ITRI) de Taiw\u00e1n.<\/li>\n\n\n\n<li>Representantes de <strong>CFE, SENER, Cenace<\/strong> y diversas c\u00e1maras de desarrollo econ\u00f3mico.<\/li>\n<\/ul>\n\n\n\n<p class=\"wp-block-paragraph\">Con esta infraestructura, Sonora da un paso firme para liderar la <strong>nueva econom\u00eda global<\/strong>, convirti\u00e9ndose en la puerta de entrada para la innovaci\u00f3n tecnol\u00f3gica en M\u00e9xico.<\/p>\n","protected":false},"excerpt":{"rendered":"<p>HERMOSILLO, SONORA. \u2013 En un movimiento estrat\u00e9gico para la econom\u00eda regional, el gobernador Alfonso Durazo Monta\u00f1o present\u00f3 el nuevo Polo de Desarrollo para el Bienestar en Hermosillo. Esta iniciativa, respaldada por la presidenta Claudia Sheinbaum Pardo, busca posicionar definitivamente al estado como un nodo competitivo y esencial en la cadena de suministro de alta tecnolog\u00eda&#8230;<\/p>\n","protected":false},"author":2,"featured_media":70628,"comment_status":"closed","ping_status":"closed","sticky":false,"template":"","format":"standard","meta":{"_crdt_document":"","_exactmetrics_skip_tracking":false,"_exactmetrics_sitenote_active":false,"_exactmetrics_sitenote_note":"","_exactmetrics_sitenote_category":0,"footnotes":""},"categories":[17,18,36,89,26,23,31,27,69],"tags":[71,72,74,28,30],"class_list":["post-70627","post","type-post","status-publish","format-standard","has-post-thumbnail","hentry","category-arizona","category-ciencia","category-economia","category-estados-unidos","category-local","category-mexico","category-politica","category-sonora","category-ultimas-noticias","tag-alfonso-durazo","tag-claudia-sheinbaum","tag-hermosillo","tag-nogales","tag-sonora-tierra-de-oportunidades"],"_links":{"self":[{"href":"https:\/\/elpajaritonews.com\/index.php?rest_route=\/wp\/v2\/posts\/70627","targetHints":{"allow":["GET"]}}],"collection":[{"href":"https:\/\/elpajaritonews.com\/index.php?rest_route=\/wp\/v2\/posts"}],"about":[{"href":"https:\/\/elpajaritonews.com\/index.php?rest_route=\/wp\/v2\/types\/post"}],"author":[{"embeddable":true,"href":"https:\/\/elpajaritonews.com\/index.php?rest_route=\/wp\/v2\/users\/2"}],"replies":[{"embeddable":true,"href":"https:\/\/elpajaritonews.com\/index.php?rest_route=%2Fwp%2Fv2%2Fcomments&post=70627"}],"version-history":[{"count":1,"href":"https:\/\/elpajaritonews.com\/index.php?rest_route=\/wp\/v2\/posts\/70627\/revisions"}],"predecessor-version":[{"id":70629,"href":"https:\/\/elpajaritonews.com\/index.php?rest_route=\/wp\/v2\/posts\/70627\/revisions\/70629"}],"wp:featuredmedia":[{"embeddable":true,"href":"https:\/\/elpajaritonews.com\/index.php?rest_route=\/wp\/v2\/media\/70628"}],"wp:attachment":[{"href":"https:\/\/elpajaritonews.com\/index.php?rest_route=%2Fwp%2Fv2%2Fmedia&parent=70627"}],"wp:term":[{"taxonomy":"category","embeddable":true,"href":"https:\/\/elpajaritonews.com\/index.php?rest_route=%2Fwp%2Fv2%2Fcategories&post=70627"},{"taxonomy":"post_tag","embeddable":true,"href":"https:\/\/elpajaritonews.com\/index.php?rest_route=%2Fwp%2Fv2%2Ftags&post=70627"}],"curies":[{"name":"wp","href":"https:\/\/api.w.org\/{rel}","templated":true}]}}