{"id":70636,"date":"2026-04-05T16:23:05","date_gmt":"2026-04-05T23:23:05","guid":{"rendered":"https:\/\/elpajaritonews.com\/?p=70636"},"modified":"2026-04-05T16:23:07","modified_gmt":"2026-04-05T23:23:07","slug":"mineros-de-cananea-de-mas-de-60-anos-reciben-dispersion-de-9-mil-500","status":"publish","type":"post","link":"https:\/\/elpajaritonews.com\/?p=70636","title":{"rendered":"MINEROS DE CANANEA DE M\u00c1S DE 60 A\u00d1OS RECIBEN DISPERSI\u00d3N DE $9 MIL 500"},"content":{"rendered":"\n<p class=\"wp-block-paragraph\"><strong>Esta pensi\u00f3n representa un hecho hist\u00f3rico, al ofrecer un ingreso econ\u00f3mico para los mineros de la secci\u00f3n 65 que quedaron fuera del sistema formal de pensiones, debido a que durante a\u00f1os no fueron inscritos al Seguro Social ni cuando la empresa era estatal ni posteriormente al privatizarse<\/strong><\/p>\n\n\n\n<p class=\"wp-block-paragraph\"><strong>Un grupo de 143 trabajadores de 60 a\u00f1os y m\u00e1s de la secci\u00f3n 65 del Sindicato Nacional Minero recibi\u00f3 la primera dispersi\u00f3n de un apoyo econ\u00f3mico de 9 mil 500 pesos mensuales, en cumplimiento de los acuerdos del gobierno de M\u00e9xico y de Sonora como parte del Plan de Justicia para Cananea.<\/strong><\/p>\n\n\n\n<p class=\"wp-block-paragraph\"><strong>Heriberto Verdugo, delegado del sindicato en Sonora, destac\u00f3 la formalizaci\u00f3n de este acuerdo establecido con el Estado mexicano en diciembre pasado, cuando se resolvi\u00f3 la huelga que protagonizaron durante m\u00e1s de 18 a\u00f1os, al ser una medida de justicia social.<\/strong><\/p>\n\n\n\n<p class=\"wp-block-paragraph\"><strong>En entrevista, explic\u00f3 que el apoyo \u201cemula una pensi\u00f3n\u201d, que se otorgar\u00e1 a los mineros retirados durante un periodo de 10 a\u00f1os. El primer pago incluy\u00f3 el retroactivo a tres meses y los trabajadores recibieron 28 mil 500 pesos.<\/strong><\/p>\n\n\n\n<p class=\"wp-block-paragraph\"><strong>Dijo que para el segundo semestre de 2026 se integrar\u00e1 otro grupo hasta llegar a 185 mineros en el padr\u00f3n de beneficiarios, conforme cumplan la edad requerida para el retiro, y que se identificaron con edades entre los 60 y 85 a\u00f1os.<\/strong><\/p>\n\n\n\n<p class=\"wp-block-paragraph\"><strong>Los recursos provienen de la aportaci\u00f3n de 180 millones de pesos del gobierno estatal, que encabeza Alfonso Durazo, precis\u00f3.<\/strong><\/p>\n\n\n\n<p class=\"wp-block-paragraph\"><strong>El dirigente sindical consider\u00f3 que esta pensi\u00f3n representa un hecho hist\u00f3rico, al ofrecer un ingreso econ\u00f3mico para los mineros de la secci\u00f3n 65 que quedaron fuera del sistema formal de pensiones, debido a que durante a\u00f1os no fueron inscritos al Seguro Social ni cuando la empresa era estatal ni posteriormente al privatizarse.<\/strong><\/p>\n\n\n\n<p class=\"wp-block-paragraph\"><strong>Ante esta situaci\u00f3n, aclar\u00f3, la mayor\u00eda de los trabajadores no cumple con las semanas de cotizaci\u00f3n necesarias para acceder a una pensi\u00f3n bajo los reg\u00edmenes de 1973 o de 1997 del Instituto Mexicano del Seguro Social. No obstante, algunos eventualmente podr\u00e1n hacerlo y pensionarse.<\/strong><\/p>\n\n\n\n<p class=\"wp-block-paragraph\"><strong>\u201cCon base a los acuerdos contra\u00eddos en el compromiso de negociaci\u00f3n que se dio en diciembre del a\u00f1o pasado, fue la salida que le dieron al Plan de Justicia para la secci\u00f3n 65, emularon una pensi\u00f3n a trav\u00e9s de un acuerdo del Estado mexicano y el sindicato minero que encabeza Napole\u00f3n G\u00f3mez Urrutia\u201d, recalc\u00f3.<\/strong><\/p>\n\n\n\n<p class=\"wp-block-paragraph\"><strong>Verdugo indic\u00f3 que est\u00e1 pendiente la formalizaci\u00f3n de una pensi\u00f3n para 53 viudas de trabajadores y Grupo M\u00e9xico es el responsable de cumplir con este compromiso.<\/strong><\/p>\n\n\n\n<p class=\"wp-block-paragraph\"><strong>Asimismo, puntualiz\u00f3 que el tema medular en Cananea es la restituci\u00f3n del derecho al trabajo para alrededor de 300 mineros que buscan integrarse a la vida laboral.<\/strong><\/p>\n","protected":false},"excerpt":{"rendered":"<p>Esta pensi\u00f3n representa un hecho hist\u00f3rico, al ofrecer un ingreso econ\u00f3mico para los mineros de la secci\u00f3n 65 que quedaron fuera del sistema formal de pensiones, debido a que durante a\u00f1os no fueron inscritos al Seguro Social ni cuando la empresa era estatal ni posteriormente al privatizarse Un grupo de 143 trabajadores de 60 a\u00f1os&#8230;<\/p>\n","protected":false},"author":2,"featured_media":70637,"comment_status":"closed","ping_status":"closed","sticky":false,"template":"","format":"standard","meta":{"_crdt_document":"","_exactmetrics_skip_tracking":false,"_exactmetrics_sitenote_active":false,"_exactmetrics_sitenote_note":"","_exactmetrics_sitenote_category":0,"footnotes":""},"categories":[80,36,88,26,37,82,31,1,27,69],"tags":[72,76,75],"class_list":["post-70636","post","type-post","status-publish","format-standard","has-post-thumbnail","hentry","category-derechos-humanos","category-economia","category-justicia","category-local","category-medio-ambiente","category-poder-judicial","category-politica","category-seguridad","category-sonora","category-ultimas-noticias","tag-claudia-sheinbaum","tag-medio-ambiente","tag-seguridad-publica"],"_links":{"self":[{"href":"https:\/\/elpajaritonews.com\/index.php?rest_route=\/wp\/v2\/posts\/70636","targetHints":{"allow":["GET"]}}],"collection":[{"href":"https:\/\/elpajaritonews.com\/index.php?rest_route=\/wp\/v2\/posts"}],"about":[{"href":"https:\/\/elpajaritonews.com\/index.php?rest_route=\/wp\/v2\/types\/post"}],"author":[{"embeddable":true,"href":"https:\/\/elpajaritonews.com\/index.php?rest_route=\/wp\/v2\/users\/2"}],"replies":[{"embeddable":true,"href":"https:\/\/elpajaritonews.com\/index.php?rest_route=%2Fwp%2Fv2%2Fcomments&post=70636"}],"version-history":[{"count":1,"href":"https:\/\/elpajaritonews.com\/index.php?rest_route=\/wp\/v2\/posts\/70636\/revisions"}],"predecessor-version":[{"id":70638,"href":"https:\/\/elpajaritonews.com\/index.php?rest_route=\/wp\/v2\/posts\/70636\/revisions\/70638"}],"wp:featuredmedia":[{"embeddable":true,"href":"https:\/\/elpajaritonews.com\/index.php?rest_route=\/wp\/v2\/media\/70637"}],"wp:attachment":[{"href":"https:\/\/elpajaritonews.com\/index.php?rest_route=%2Fwp%2Fv2%2Fmedia&parent=70636"}],"wp:term":[{"taxonomy":"category","embeddable":true,"href":"https:\/\/elpajaritonews.com\/index.php?rest_route=%2Fwp%2Fv2%2Fcategories&post=70636"},{"taxonomy":"post_tag","embeddable":true,"href":"https:\/\/elpajaritonews.com\/index.php?rest_route=%2Fwp%2Fv2%2Ftags&post=70636"}],"curies":[{"name":"wp","href":"https:\/\/api.w.org\/{rel}","templated":true}]}}