{"id":70654,"date":"2026-04-06T22:22:21","date_gmt":"2026-04-07T05:22:21","guid":{"rendered":"https:\/\/elpajaritonews.com\/?p=70654"},"modified":"2026-04-06T22:22:23","modified_gmt":"2026-04-07T05:22:23","slug":"enfermeras-comian-mientras-manipulaban-jeringas-testimonio-exhibe-negligencia-en-clinica-de-sueros-vitaminados-en-sonora","status":"publish","type":"post","link":"https:\/\/elpajaritonews.com\/?p=70654","title":{"rendered":"\u00abENFERMERAS COM\u00cdAN MIENTRAS MANIPULABAN JERINGAS\u00bb; TESTIMONIO EXHIBE NEGLIGENCIA EN CL\u00cdNICA DE SUEROS VITAMINADOS EN SONORA"},"content":{"rendered":"\n<p class=\"wp-block-paragraph\">El caso de la cl\u00ednica de la colonia Jes\u00fas Garc\u00eda en Hermosillo suma un nuevo y alarmante cap\u00edtulo. Julio Gaxiola, quien acudi\u00f3 al establecimiento presuntamente operado por Jes\u00fas Maximiniano Verduzco Soto, decidi\u00f3 romper el silencio y narrar las irregularidades que presenci\u00f3 antes de que estallara la crisis que ya ha cobrado la vida de al menos seis personas. \ud83c\udfe5\u26a0\ufe0f<\/p>\n\n\n\n<p class=\"wp-block-paragraph\"><strong>CONDICIONES INSALUBRES Y FALTA DE PROTOCOLO<\/strong> A trav\u00e9s de un crudo relato, Gaxiola describi\u00f3 un ambiente que distaba mucho de ser una cl\u00ednica m\u00e9dica profesional:<\/p>\n\n\n\n<ul class=\"wp-block-list\">\n<li>\ud83e\udd9f <strong>Riesgo Sanitario:<\/strong> Presencia de nubes de mosquitos en el interior. \u00abVengo a mejorar mi salud y tal vez salga con dengue o zika\u00bb, relat\u00f3.<\/li>\n\n\n\n<li>\ud83c\udf54 <strong>Falta de Higiene:<\/strong> Asegura haber visto a enfermeras consumiendo alimentos y aperitivos mientras manipulaban material m\u00e9dico y jeringas.<\/li>\n\n\n\n<li>\ud83d\udc89 <strong>Pr\u00e1cticas Dudosas:<\/strong> El m\u00e9dico preparaba los sueros con jeringas de gran tama\u00f1o y un mandil visiblemente sucio, adem\u00e1s de sugerir la suspensi\u00f3n de medicamentos psiqui\u00e1tricos controlados.<\/li>\n<\/ul>\n\n\n\n<p class=\"wp-block-paragraph\"><strong>\u00abSE ME LLEN\u00d3 LA MANGUERA DE SANGRE\u00bb<\/strong> El testimonio subraya la falta de vigilancia a los pacientes. Julio narra que durante su tercera sesi\u00f3n se qued\u00f3 profundamente dormido y, al terminarse el suero, sufri\u00f3 un reflujo de sangre sin que el personal se diera cuenta. Fue otra paciente quien tuvo que despertarlo para alertarlo del riesgo. \ud83e\ude78\ud83d\udca4<\/p>\n\n\n\n<p class=\"wp-block-paragraph\"><strong>PREOCUPACI\u00d3N POR EFECTOS TARD\u00cdOS<\/strong> A pesar de que su \u00faltima aplicaci\u00f3n fue hace dos semanas, el joven manifiesta temor, ya que algunas de las v\u00edctimas fatales presentaron complicaciones semanas despu\u00e9s del tratamiento. \u00abNo me he sentido mal, pero por si las dudas&#8230;\u00bb, coment\u00f3 con incertidumbre.<\/p>\n\n\n\n<p class=\"wp-block-paragraph\">Este testimonio se vuelve clave mientras las autoridades sanitarias y la FGJES mantienen las investigaciones sobre la regulaci\u00f3n de estos tratamientos alternativos en Sonora.<\/p>\n\n\n\n<p class=\"wp-block-paragraph\"><strong>CONSEJO DE SALUD:<\/strong> Especialistas recomiendan obtener vitaminas de una alimentaci\u00f3n balanceada y siempre acudir con m\u00e9dicos certificados. \u00a1No ignores tu intuici\u00f3n ante condiciones sospechosas! \ud83c\udf4e\ud83c\udfc3\u200d\u2642\ufe0f<\/p>\n\n\n\n<p class=\"wp-block-paragraph\">#JusticiaParaSonora #SaludSonora #Hermosillo #SuerosVitaminados #DenunciaCiudadana #NoticiasSonora<\/p>\n","protected":false},"excerpt":{"rendered":"<p>El caso de la cl\u00ednica de la colonia Jes\u00fas Garc\u00eda en Hermosillo suma un nuevo y alarmante cap\u00edtulo. Julio Gaxiola, quien acudi\u00f3 al establecimiento presuntamente operado por Jes\u00fas Maximiniano Verduzco Soto, decidi\u00f3 romper el silencio y narrar las irregularidades que presenci\u00f3 antes de que estallara la crisis que ya ha cobrado la vida de al&#8230;<\/p>\n","protected":false},"author":2,"featured_media":70655,"comment_status":"closed","ping_status":"closed","sticky":false,"template":"","format":"standard","meta":{"_crdt_document":"","_exactmetrics_skip_tracking":false,"_exactmetrics_sitenote_active":false,"_exactmetrics_sitenote_note":"","_exactmetrics_sitenote_category":0,"footnotes":""},"categories":[80,26,23,31,32,1,27,69],"tags":[75],"class_list":["post-70654","post","type-post","status-publish","format-standard","has-post-thumbnail","hentry","category-derechos-humanos","category-local","category-mexico","category-politica","category-salud","category-seguridad","category-sonora","category-ultimas-noticias","tag-seguridad-publica"],"_links":{"self":[{"href":"https:\/\/elpajaritonews.com\/index.php?rest_route=\/wp\/v2\/posts\/70654","targetHints":{"allow":["GET"]}}],"collection":[{"href":"https:\/\/elpajaritonews.com\/index.php?rest_route=\/wp\/v2\/posts"}],"about":[{"href":"https:\/\/elpajaritonews.com\/index.php?rest_route=\/wp\/v2\/types\/post"}],"author":[{"embeddable":true,"href":"https:\/\/elpajaritonews.com\/index.php?rest_route=\/wp\/v2\/users\/2"}],"replies":[{"embeddable":true,"href":"https:\/\/elpajaritonews.com\/index.php?rest_route=%2Fwp%2Fv2%2Fcomments&post=70654"}],"version-history":[{"count":1,"href":"https:\/\/elpajaritonews.com\/index.php?rest_route=\/wp\/v2\/posts\/70654\/revisions"}],"predecessor-version":[{"id":70656,"href":"https:\/\/elpajaritonews.com\/index.php?rest_route=\/wp\/v2\/posts\/70654\/revisions\/70656"}],"wp:featuredmedia":[{"embeddable":true,"href":"https:\/\/elpajaritonews.com\/index.php?rest_route=\/wp\/v2\/media\/70655"}],"wp:attachment":[{"href":"https:\/\/elpajaritonews.com\/index.php?rest_route=%2Fwp%2Fv2%2Fmedia&parent=70654"}],"wp:term":[{"taxonomy":"category","embeddable":true,"href":"https:\/\/elpajaritonews.com\/index.php?rest_route=%2Fwp%2Fv2%2Fcategories&post=70654"},{"taxonomy":"post_tag","embeddable":true,"href":"https:\/\/elpajaritonews.com\/index.php?rest_route=%2Fwp%2Fv2%2Ftags&post=70654"}],"curies":[{"name":"wp","href":"https:\/\/api.w.org\/{rel}","templated":true}]}}