{"id":70657,"date":"2026-04-07T15:34:32","date_gmt":"2026-04-07T22:34:32","guid":{"rendered":"https:\/\/elpajaritonews.com\/?p=70657"},"modified":"2026-04-07T15:34:45","modified_gmt":"2026-04-07T22:34:45","slug":"gobernador-alfonso-durazo-respalda-al-periodismo-independiente-como-pilar-de-la-democracia-en-sonora-%f0%9f%93%b8%e2%9c%8d%ef%b8%8f","status":"publish","type":"post","link":"https:\/\/elpajaritonews.com\/?p=70657","title":{"rendered":"GOBERNADOR ALFONSO DURAZO RESPALDA AL PERIODISMO INDEPENDIENTE COMO PILAR DE LA DEMOCRACIA EN SONORA \ud83d\udcf8\u270d\ufe0f"},"content":{"rendered":"\n<p class=\"wp-block-paragraph\">Por: Marco Fern\u00e1ndez<\/p>\n\n\n\n<p class=\"wp-block-paragraph\">Durante su conferencia de prensa semanal, el gobernador Alfonso Durazo Monta\u00f1o reafirm\u00f3 su compromiso con la libertad de expresi\u00f3n y el fortalecimiento de los medios de comunicaci\u00f3n independientes en el estado. \ud83c\udf99\ufe0f<\/p>\n\n\n\n<figure class=\"wp-block-embed is-type-video is-provider-youtube wp-block-embed-youtube wp-embed-aspect-4-3 wp-has-aspect-ratio\"><div class=\"wp-block-embed__wrapper\">\n<iframe loading=\"lazy\" title=\"\ud83d\udd34 #EnVivo Conferencia de Prensa Semanal - Gobierno de Sonora \u2013 07\/04\/2026\" width=\"640\" height=\"480\" src=\"https:\/\/www.youtube.com\/embed\/oExqlI7iZU4?feature=oembed\" frameborder=\"0\" allow=\"accelerometer; autoplay; clipboard-write; encrypted-media; gyroscope; picture-in-picture; web-share\" referrerpolicy=\"strict-origin-when-cross-origin\" allowfullscreen><\/iframe>\n<\/div><\/figure>\n\n\n\n<p class=\"wp-block-paragraph\">Ante el planteamiento de la periodista Independiente Judith Bustamante sobre la necesidad de profesionalizaci\u00f3n y el combate a la desinformaci\u00f3n en plataformas digitales, el mandatario estatal destac\u00f3:<\/p>\n\n\n\n<p class=\"wp-block-paragraph\">\u2705 EQUILIBRIO INFORMATIVO: El periodismo independiente es clave para romper cercos y ofrecer a la ciudadan\u00eda visiones alternativas de los hechos.<\/p>\n\n\n\n<p class=\"wp-block-paragraph\">\u2705 GOBIERNO ABIERTO: Durazo asegur\u00f3 que su administraci\u00f3n mantiene las puertas abiertas para responder con transparencia a cualquier reclamo de informaci\u00f3n.<\/p>\n\n\n\n<p class=\"wp-block-paragraph\">\u2705 APOYO A LA PROFESIONALIZACI\u00d3N: Se mostr\u00f3 receptivo ante la propuesta de impulsar esquemas de educaci\u00f3n continua para quienes ejercen esta labor de manera aut\u00f3noma.<\/p>\n\n\n\n<p class=\"wp-block-paragraph\">\u00abCreo que la funci\u00f3n del periodismo independiente en una sociedad democr\u00e1tica es imprescindible\u00bb, puntualiz\u00f3 el gobernador.<\/p>\n\n\n\n<p class=\"wp-block-paragraph\">Con estas acciones, Sonora se posiciona como un referente en el respeto y apoyo a las nuevas formas de comunicaci\u00f3n digital y comunitaria. \ud83c\udf35\u2728<\/p>\n\n\n\n<h1 class=\"wp-block-heading\">Sonora #AlfonsoDurazo #PeriodismoIndependiente #LibertadDeExpresi\u00f3n #Hermosillo #NoticiasSonora<\/h1>\n","protected":false},"excerpt":{"rendered":"<p>Por: Marco Fern\u00e1ndez Durante su conferencia de prensa semanal, el gobernador Alfonso Durazo Monta\u00f1o reafirm\u00f3 su compromiso con la libertad de expresi\u00f3n y el fortalecimiento de los medios de comunicaci\u00f3n independientes en el estado. \ud83c\udf99\ufe0f Ante el planteamiento de la periodista Independiente Judith Bustamante sobre la necesidad de profesionalizaci\u00f3n y el combate a la desinformaci\u00f3n&#8230;<\/p>\n","protected":false},"author":2,"featured_media":70658,"comment_status":"closed","ping_status":"closed","sticky":false,"template":"","format":"standard","meta":{"_crdt_document":"","_exactmetrics_skip_tracking":false,"_exactmetrics_sitenote_active":false,"_exactmetrics_sitenote_note":"","_exactmetrics_sitenote_category":0,"footnotes":""},"categories":[80,22,26,23,31,1,27,69],"tags":[71,72,74,28,30],"class_list":["post-70657","post","type-post","status-publish","format-standard","has-post-thumbnail","hentry","category-derechos-humanos","category-escena","category-local","category-mexico","category-politica","category-seguridad","category-sonora","category-ultimas-noticias","tag-alfonso-durazo","tag-claudia-sheinbaum","tag-hermosillo","tag-nogales","tag-sonora-tierra-de-oportunidades"],"_links":{"self":[{"href":"https:\/\/elpajaritonews.com\/index.php?rest_route=\/wp\/v2\/posts\/70657","targetHints":{"allow":["GET"]}}],"collection":[{"href":"https:\/\/elpajaritonews.com\/index.php?rest_route=\/wp\/v2\/posts"}],"about":[{"href":"https:\/\/elpajaritonews.com\/index.php?rest_route=\/wp\/v2\/types\/post"}],"author":[{"embeddable":true,"href":"https:\/\/elpajaritonews.com\/index.php?rest_route=\/wp\/v2\/users\/2"}],"replies":[{"embeddable":true,"href":"https:\/\/elpajaritonews.com\/index.php?rest_route=%2Fwp%2Fv2%2Fcomments&post=70657"}],"version-history":[{"count":2,"href":"https:\/\/elpajaritonews.com\/index.php?rest_route=\/wp\/v2\/posts\/70657\/revisions"}],"predecessor-version":[{"id":70660,"href":"https:\/\/elpajaritonews.com\/index.php?rest_route=\/wp\/v2\/posts\/70657\/revisions\/70660"}],"wp:featuredmedia":[{"embeddable":true,"href":"https:\/\/elpajaritonews.com\/index.php?rest_route=\/wp\/v2\/media\/70658"}],"wp:attachment":[{"href":"https:\/\/elpajaritonews.com\/index.php?rest_route=%2Fwp%2Fv2%2Fmedia&parent=70657"}],"wp:term":[{"taxonomy":"category","embeddable":true,"href":"https:\/\/elpajaritonews.com\/index.php?rest_route=%2Fwp%2Fv2%2Fcategories&post=70657"},{"taxonomy":"post_tag","embeddable":true,"href":"https:\/\/elpajaritonews.com\/index.php?rest_route=%2Fwp%2Fv2%2Ftags&post=70657"}],"curies":[{"name":"wp","href":"https:\/\/api.w.org\/{rel}","templated":true}]}}