{"id":70673,"date":"2026-04-07T20:16:24","date_gmt":"2026-04-08T03:16:24","guid":{"rendered":"https:\/\/elpajaritonews.com\/?p=70673"},"modified":"2026-04-07T20:16:25","modified_gmt":"2026-04-08T03:16:25","slug":"congreso-de-sonora-reforma-ley-para-proteger-a-adultos-mayores-e-impulsa-agenda-de-vivienda-salud-mental-y-medio-ambiente","status":"publish","type":"post","link":"https:\/\/elpajaritonews.com\/?p=70673","title":{"rendered":"CONGRESO DE SONORA REFORMA LEY PARA PROTEGER A ADULTOS MAYORES E IMPULSA AGENDA DE VIVIENDA, SALUD MENTAL Y MEDIO AMBIENTE"},"content":{"rendered":"\n<p class=\"wp-block-paragraph\"><strong>Hermosillo, Sonora; 7 de abril de 2026.<\/strong> En una intensa jornada legislativa, el Congreso del Estado de Sonora aprob\u00f3 reformas fundamentales para garantizar la integridad de las personas adultas mayores y dio entrada a una serie de iniciativas clave que buscan transformar el acceso a la vivienda, la gesti\u00f3n de residuos y la prevenci\u00f3n del suicidio juvenil en la entidad.<\/p>\n\n\n\n<h3 class=\"wp-block-heading\">PROTECCI\u00d3N INTEGRAL A ADULTOS MAYORES<\/h3>\n\n\n\n<p class=\"wp-block-paragraph\">Con el respaldo del Pleno, se aprob\u00f3 el dictamen presentado por las diputadas <strong>Ros\u00e1ngela Amairany Pe\u00f1a Escalante (PES)<\/strong> y <strong>Jazm\u00edn Guadalupe G\u00f3mez Liz\u00e1rraga (PT)<\/strong> para reformar la Ley de los Derechos de las Personas Adultas Mayores.<\/p>\n\n\n\n<p class=\"wp-block-paragraph\">Esta modificaci\u00f3n ampl\u00eda el cat\u00e1logo de violencias reconocidas, establece mecanismos estrictos de supervisi\u00f3n en centros de cuidado y busca evitar la revictimizaci\u00f3n. Entre las novedades, se contempla la figura de la <strong>hipoteca inversa<\/strong> como una herramienta para dotar de recursos a este sector, fortaleciendo la respuesta institucional ante casos de abandono o abuso.<\/p>\n\n\n\n<h3 class=\"wp-block-heading\">VIVIENDA CON PERSPECTIVA DE G\u00c9NERO Y DERECHOS HUMANOS<\/h3>\n\n\n\n<p class=\"wp-block-paragraph\">En sinton\u00eda con las pol\u00edticas federales, la diputada <strong>Ely Sallard Hern\u00e1ndez (Morena)<\/strong> present\u00f3 una iniciativa de reforma a la Ley de Vivienda estatal. La propuesta busca que los programas habitacionales prioricen a mujeres jefas de familia y v\u00edctimas de violencia.<\/p>\n\n\n\n<p class=\"wp-block-paragraph\">\u00abHablar de vivienda no es solo hablar de casas, es hablar de estabilidad y dignidad\u00bb, afirm\u00f3 Sallard, destacando que la reforma garantiza que el dise\u00f1o de pol\u00edticas p\u00fablicas en Sonora incorpore la perspectiva de g\u00e9nero y facilite financiamientos accesibles para los sectores m\u00e1s vulnerables.<\/p>\n\n\n\n<h3 class=\"wp-block-heading\">JUSTICIA M\u00c1S \u00c1GIL Y PREVENCI\u00d3N DEL SUICIDIO<\/h3>\n\n\n\n<p class=\"wp-block-paragraph\">En materia de justicia, los legisladores de la coalici\u00f3n \u00abSigamos Haciendo Historia\u00bb propusieron la <strong>Ley de Mecanismos Alternativos de Soluci\u00f3n de Controversias<\/strong>, que privilegia la mediaci\u00f3n y el arbitraje sobre los juicios tradicionales, buscando un sistema m\u00e1s econ\u00f3mico y r\u00e1pido.<\/p>\n\n\n\n<p class=\"wp-block-paragraph\">Por otro lado, la diputada <strong>Alejandra L\u00f3pez Noriega<\/strong> present\u00f3 una iniciativa para reformar las leyes de Salud Mental y Educaci\u00f3n. El objetivo es que las escuelas de Sonora implementen protocolos de detecci\u00f3n temprana del riesgo suicida en ni\u00f1as, ni\u00f1os y adolescentes. La propuesta incluye capacitaci\u00f3n obligatoria para docentes y la creaci\u00f3n de canales confidenciales de apoyo, pasando de un modelo reactivo a uno preventivo.<\/p>\n\n\n\n<h3 class=\"wp-block-heading\">EMERGENCIA AMBIENTAL Y GESTI\u00d3N DE RESIDUOS<\/h3>\n\n\n\n<p class=\"wp-block-paragraph\">Ante el preocupante dato de que en Sonora se generan m\u00e1s de 2,300 toneladas de basura diarias, el diputado <strong>Omar Del Valle Colosio (PVEM)<\/strong> lanz\u00f3 un exhorto a los 72 ayuntamientos para combatir los basureros clandestinos.<\/p>\n\n\n\n<p class=\"wp-block-paragraph\">Del Valle Colosio urgi\u00f3 a los municipios a fortalecer la infraestructura de recolecci\u00f3n y disposici\u00f3n final, se\u00f1alando que solo en Hermosillo existen m\u00e1s de 700 basureros ilegales que representan un riesgo sanitario y de seguridad por incendios y residuos peligrosos.<\/p>\n\n\n\n<h3 class=\"wp-block-heading\">MEMORIA POL\u00cdTICA<\/h3>\n\n\n\n<p class=\"wp-block-paragraph\">Finalmente, la diputada <strong>Deni Gast\u00e9lum Barreras (Morena)<\/strong> intervino para conmemorar el 21 aniversario del desafuero de Andr\u00e9s Manuel L\u00f3pez Obrador, calificando el evento como el catalizador de la lucha colectiva que hoy encabeza el movimiento de transformaci\u00f3n en M\u00e9xico.<\/p>\n\n\n\n<p class=\"wp-block-paragraph\">Las nuevas iniciativas fueron turnadas a las comisiones correspondientes de Gobernaci\u00f3n, Vivienda, Energ\u00eda, Medio Ambiente y Educaci\u00f3n para su an\u00e1lisis y dictaminaci\u00f3n.<\/p>\n\n\n\n<figure class=\"wp-block-embed is-type-video is-provider-youtube wp-block-embed-youtube wp-embed-aspect-16-9 wp-has-aspect-ratio\"><div class=\"wp-block-embed__wrapper\">\n<iframe loading=\"lazy\" title=\"7 de Abril 2026 - Sesi\u00f3n Ordinaria\" width=\"640\" height=\"360\" src=\"https:\/\/www.youtube.com\/embed\/5ma6HIzpdqI?feature=oembed\" frameborder=\"0\" allow=\"accelerometer; autoplay; clipboard-write; encrypted-media; gyroscope; picture-in-picture; web-share\" referrerpolicy=\"strict-origin-when-cross-origin\" allowfullscreen><\/iframe>\n<\/div><\/figure>\n\n\n\n<hr class=\"wp-block-separator has-alpha-channel-opacity\"\/>\n\n\n\n<p class=\"wp-block-paragraph\"><em>Para m\u00e1s detalles sobre el desarrollo de la sesi\u00f3n, puede consultar la transmisi\u00f3n oficial en el siguiente enlace:<\/em> <a target=\"_blank\" rel=\"noreferrer noopener\" href=\"https:\/\/www.google.com\/search?q=https:\/\/www.youtube.com\/live\/5ma6HIzpdqI\">https:\/\/www.youtube.com\/live\/5ma6HIzpdqI<\/a><\/p>\n","protected":false},"excerpt":{"rendered":"<p>Hermosillo, Sonora; 7 de abril de 2026. En una intensa jornada legislativa, el Congreso del Estado de Sonora aprob\u00f3 reformas fundamentales para garantizar la integridad de las personas adultas mayores y dio entrada a una serie de iniciativas clave que buscan transformar el acceso a la vivienda, la gesti\u00f3n de residuos y la prevenci\u00f3n del&#8230;<\/p>\n","protected":false},"author":2,"featured_media":70674,"comment_status":"closed","ping_status":"closed","sticky":false,"template":"","format":"standard","meta":{"_crdt_document":"","_exactmetrics_skip_tracking":false,"_exactmetrics_sitenote_active":false,"_exactmetrics_sitenote_note":"","_exactmetrics_sitenote_category":0,"footnotes":""},"categories":[20,80,26,31,32,27,69,65],"tags":[73],"class_list":["post-70673","post","type-post","status-publish","format-standard","has-post-thumbnail","hentry","category-congreso","category-derechos-humanos","category-local","category-politica","category-salud","category-sonora","category-ultimas-noticias","category-videos","tag-congreso-del-estado-de-sonora"],"_links":{"self":[{"href":"https:\/\/elpajaritonews.com\/index.php?rest_route=\/wp\/v2\/posts\/70673","targetHints":{"allow":["GET"]}}],"collection":[{"href":"https:\/\/elpajaritonews.com\/index.php?rest_route=\/wp\/v2\/posts"}],"about":[{"href":"https:\/\/elpajaritonews.com\/index.php?rest_route=\/wp\/v2\/types\/post"}],"author":[{"embeddable":true,"href":"https:\/\/elpajaritonews.com\/index.php?rest_route=\/wp\/v2\/users\/2"}],"replies":[{"embeddable":true,"href":"https:\/\/elpajaritonews.com\/index.php?rest_route=%2Fwp%2Fv2%2Fcomments&post=70673"}],"version-history":[{"count":1,"href":"https:\/\/elpajaritonews.com\/index.php?rest_route=\/wp\/v2\/posts\/70673\/revisions"}],"predecessor-version":[{"id":70675,"href":"https:\/\/elpajaritonews.com\/index.php?rest_route=\/wp\/v2\/posts\/70673\/revisions\/70675"}],"wp:featuredmedia":[{"embeddable":true,"href":"https:\/\/elpajaritonews.com\/index.php?rest_route=\/wp\/v2\/media\/70674"}],"wp:attachment":[{"href":"https:\/\/elpajaritonews.com\/index.php?rest_route=%2Fwp%2Fv2%2Fmedia&parent=70673"}],"wp:term":[{"taxonomy":"category","embeddable":true,"href":"https:\/\/elpajaritonews.com\/index.php?rest_route=%2Fwp%2Fv2%2Fcategories&post=70673"},{"taxonomy":"post_tag","embeddable":true,"href":"https:\/\/elpajaritonews.com\/index.php?rest_route=%2Fwp%2Fv2%2Ftags&post=70673"}],"curies":[{"name":"wp","href":"https:\/\/api.w.org\/{rel}","templated":true}]}}