{"id":70676,"date":"2026-04-08T14:16:53","date_gmt":"2026-04-08T21:16:53","guid":{"rendered":"https:\/\/elpajaritonews.com\/?p=70676"},"modified":"2026-04-08T14:17:21","modified_gmt":"2026-04-08T21:17:21","slug":"octavio-almada-supervisa-avance-del-programa-salud-casa-por-casa-en-el-poblado-miguel-aleman","status":"publish","type":"post","link":"https:\/\/elpajaritonews.com\/?p=70676","title":{"rendered":"OCTAVIO ALMADA SUPERVISA AVANCE DEL PROGRAMA \u00abSALUD CASA POR CASA\u00bb EN EL POBLADO MIGUEL ALEM\u00c1N"},"content":{"rendered":"\n<p class=\"wp-block-paragraph\"><strong>HERMOSILLO, SONORA.<\/strong>\u2014 Con el objetivo de fortalecer la atenci\u00f3n directa a los sectores m\u00e1s vulnerables, el funcionario federal <strong>Octavio Almada<\/strong> encabez\u00f3 una jornada de supervisi\u00f3n del programa <strong>\u00abSalud Casa por Casa\u00bb<\/strong> en la comunidad rural del <strong>Poblado Miguel Alem\u00e1n<\/strong>.<\/p>\n\n\n\n<p class=\"wp-block-paragraph\">Acompa\u00f1ado por la servidora de la salud, <strong>Grizly \u00c1lvarez<\/strong>, Almada particip\u00f3 en las visitas domiciliarias de seguimiento m\u00e9dico para adultos mayores. Durante el recorrido, se brind\u00f3 atenci\u00f3n personalizada a los se\u00f1ores <strong>Mar\u00eda de Jes\u00fas Aguilar<\/strong> y <strong>Remedios M\u00e9ndez<\/strong>, quienes son derechohabientes de la Pensi\u00f3n para el Bienestar.<\/p>\n\n\n\n<blockquote class=\"wp-block-quote is-layout-flow wp-block-quote-is-layout-flow\">\n<p class=\"wp-block-paragraph\">\u00abEste esfuerzo forma parte de la pol\u00edtica social que impulsa nuestra Presidenta Claudia Sheinbaum, donde la atenci\u00f3n se construye desde el contacto directo con la gente\u00bb, afirm\u00f3 Almada.<\/p>\n<\/blockquote>\n\n\n\n<p class=\"wp-block-paragraph\">El programa busca asegurar que los adultos mayores y personas con discapacidad reciban vigilancia m\u00e9dica peri\u00f3dica sin tener que salir de sus hogares, consolidando un modelo de salud preventiva y comunitaria.<\/p>\n\n\n\n<p class=\"wp-block-paragraph\">Bajo la premisa de que <strong>\u00abel poder solo tiene sentido cuando se pone al servicio de los dem\u00e1s\u00bb<\/strong>, las brigadas de salud contin\u00faan recorriendo las zonas rurales de Hermosillo para garantizar que ning\u00fan beneficiario se quede sin el seguimiento necesario para su bienestar.<\/p>\n\n\n\n<hr class=\"wp-block-separator has-alpha-channel-opacity\"\/>\n\n\n\n<p class=\"wp-block-paragraph\"><\/p>\n\n\n\n<p class=\"wp-block-paragraph\">\ud83c\udfe0\ud83e\ude7a <strong>\u00a1SALUD HASTA LA PUERTA DE TU HOGAR!<\/strong> \ud83d\udcf2<\/p>\n\n\n\n<p class=\"wp-block-paragraph\">En el Poblado Miguel Alem\u00e1n, <strong>Octavio Almada<\/strong> acompa\u00f1\u00f3 a las brigadas de <strong>#SaludCasaPorCasa<\/strong> para dar seguimiento m\u00e9dico a nuestros adultos mayores. \ud83d\udc75\ud83d\udc74<\/p>\n\n\n\n<p class=\"wp-block-paragraph\">\u2705 Atenci\u00f3n directa y de coraz\u00f3n. <\/p>\n\n\n\n<p class=\"wp-block-paragraph\">\u2705 Siguiendo la pol\u00edtica social de la Presidenta <strong>Claudia Sheinbaum<\/strong>. <\/p>\n\n\n\n<p class=\"wp-block-paragraph\">\u2705 Porque el bienestar del pueblo es la prioridad.<\/p>\n\n\n\n<p class=\"wp-block-paragraph\">#Hermosillo #PobladoMiguelAlem\u00e1n #Sonora #SaludCasaPorCasa #Bienestar #OctavioAlmada<\/p>\n","protected":false},"excerpt":{"rendered":"<p>HERMOSILLO, SONORA.\u2014 Con el objetivo de fortalecer la atenci\u00f3n directa a los sectores m\u00e1s vulnerables, el funcionario federal Octavio Almada encabez\u00f3 una jornada de supervisi\u00f3n del programa \u00abSalud Casa por Casa\u00bb en la comunidad rural del Poblado Miguel Alem\u00e1n. Acompa\u00f1ado por la servidora de la salud, Grizly \u00c1lvarez, Almada particip\u00f3 en las visitas domiciliarias de&#8230;<\/p>\n","protected":false},"author":2,"featured_media":70677,"comment_status":"closed","ping_status":"closed","sticky":false,"template":"","format":"standard","meta":{"_crdt_document":"","_exactmetrics_skip_tracking":false,"_exactmetrics_sitenote_active":false,"_exactmetrics_sitenote_note":"","_exactmetrics_sitenote_category":0,"footnotes":""},"categories":[80,26,23,31,32,27,69],"tags":[71,72,74,101],"class_list":["post-70676","post","type-post","status-publish","format-standard","has-post-thumbnail","hentry","category-derechos-humanos","category-local","category-mexico","category-politica","category-salud","category-sonora","category-ultimas-noticias","tag-alfonso-durazo","tag-claudia-sheinbaum","tag-hermosillo","tag-octavio-almada-palafox"],"_links":{"self":[{"href":"https:\/\/elpajaritonews.com\/index.php?rest_route=\/wp\/v2\/posts\/70676","targetHints":{"allow":["GET"]}}],"collection":[{"href":"https:\/\/elpajaritonews.com\/index.php?rest_route=\/wp\/v2\/posts"}],"about":[{"href":"https:\/\/elpajaritonews.com\/index.php?rest_route=\/wp\/v2\/types\/post"}],"author":[{"embeddable":true,"href":"https:\/\/elpajaritonews.com\/index.php?rest_route=\/wp\/v2\/users\/2"}],"replies":[{"embeddable":true,"href":"https:\/\/elpajaritonews.com\/index.php?rest_route=%2Fwp%2Fv2%2Fcomments&post=70676"}],"version-history":[{"count":2,"href":"https:\/\/elpajaritonews.com\/index.php?rest_route=\/wp\/v2\/posts\/70676\/revisions"}],"predecessor-version":[{"id":70679,"href":"https:\/\/elpajaritonews.com\/index.php?rest_route=\/wp\/v2\/posts\/70676\/revisions\/70679"}],"wp:featuredmedia":[{"embeddable":true,"href":"https:\/\/elpajaritonews.com\/index.php?rest_route=\/wp\/v2\/media\/70677"}],"wp:attachment":[{"href":"https:\/\/elpajaritonews.com\/index.php?rest_route=%2Fwp%2Fv2%2Fmedia&parent=70676"}],"wp:term":[{"taxonomy":"category","embeddable":true,"href":"https:\/\/elpajaritonews.com\/index.php?rest_route=%2Fwp%2Fv2%2Fcategories&post=70676"},{"taxonomy":"post_tag","embeddable":true,"href":"https:\/\/elpajaritonews.com\/index.php?rest_route=%2Fwp%2Fv2%2Ftags&post=70676"}],"curies":[{"name":"wp","href":"https:\/\/api.w.org\/{rel}","templated":true}]}}