{"id":70686,"date":"2026-04-08T18:38:20","date_gmt":"2026-04-09T01:38:20","guid":{"rendered":"https:\/\/elpajaritonews.com\/?p=70686"},"modified":"2026-04-08T18:38:22","modified_gmt":"2026-04-09T01:38:22","slug":"firman-convenio-gobierno-de-sonora-y-conade-para-impulsar-el-deporte-y-el-alto-rendimiento","status":"publish","type":"post","link":"https:\/\/elpajaritonews.com\/?p=70686","title":{"rendered":"FIRMAN CONVENIO GOBIERNO DE SONORA Y CONADE PARA IMPULSAR EL DEPORTE Y EL ALTO RENDIMIENTO"},"content":{"rendered":"\n<p class=\"wp-block-paragraph\"><strong>HERMOSILLO, SONORA.<\/strong>\u2013 Con el firme objetivo de consolidar a Sonora como un referente deportivo a nivel nacional, el gobernador <strong>Alfonso Durazo Monta\u00f1o<\/strong> encabez\u00f3 la firma del convenio marco de coordinaci\u00f3n entre la Comisi\u00f3n Nacional de Cultura F\u00edsica y Deporte (<strong>Conade<\/strong>) y la Comisi\u00f3n del Deporte del Estado de Sonora (<strong>Codeson<\/strong>).<\/p>\n\n\n\n<p class=\"wp-block-paragraph\">Este acuerdo estrat\u00e9gico, que cont\u00f3 con la participaci\u00f3n del director de la Conade, <strong>Rommel Pacheco<\/strong>, establece una hoja de ruta entre los gobiernos federal y estatal para fortalecer los apoyos a diversas disciplinas, fomentando tanto la actividad f\u00edsica masiva como el seguimiento a atletas de alto rendimiento.<\/p>\n\n\n\n<h3 class=\"wp-block-heading\">El Deporte como Eje de Transformaci\u00f3n<\/h3>\n\n\n\n<p class=\"wp-block-paragraph\">Durante el evento, el mandatario estatal subray\u00f3 que el deporte no solo es competencia, sino una herramienta fundamental para la <strong>transformaci\u00f3n social<\/strong>. Durazo Monta\u00f1o reiter\u00f3 que estas acciones est\u00e1n alineadas al <strong>Plan Nacional de Desarrollo 2024\u20132030<\/strong>, buscando ampliar las oportunidades para toda la ciudadan\u00eda sonorense.<\/p>\n\n\n\n<blockquote class=\"wp-block-quote is-layout-flow wp-block-quote-is-layout-flow\">\n<p class=\"wp-block-paragraph\">\u00abEstamos sumando esfuerzos para que ning\u00fan talento se quede sin apoyo y para que la activaci\u00f3n f\u00edsica llegue a cada rinc\u00f3n del estado\u00bb, se\u00f1al\u00f3 el gobernador.<\/p>\n<\/blockquote>\n\n\n\n<h3 class=\"wp-block-heading\">Coordinaci\u00f3n y Resultados<\/h3>\n\n\n\n<p class=\"wp-block-paragraph\">En el esfuerzo coordinado destacan figuras clave para la ejecuci\u00f3n del plan:<\/p>\n\n\n\n<ul class=\"wp-block-list\">\n<li><strong>Erubiel Durazo (Titular de Codeson):<\/strong> Ser\u00e1 el responsable de presentar el plan de trabajo con objetivos concretos para gestionar los recursos y apoyos federales.<\/li>\n\n\n\n<li><strong>Froyl\u00e1n G\u00e1mez Gamboa (Secretario de Educaci\u00f3n y Cultura):<\/strong> Destac\u00f3 la relevancia de integrar este convenio con el sector educativo para promover la cultura deportiva desde las aulas.<\/li>\n<\/ul>\n\n\n\n<h3 class=\"wp-block-heading\">Claves del Convenio<\/h3>\n\n\n\n<p class=\"wp-block-paragraph\">El instrumento legal no solo es declarativo, sino que permite la creaci\u00f3n de acuerdos espec\u00edficos para proyectos y metas de infraestructura y becas.<\/p>\n\n\n\n<figure class=\"wp-block-table\"><table class=\"has-fixed-layout\"><thead><tr><td><strong>Punto Clave<\/strong><\/td><td><strong>Detalle<\/strong><\/td><\/tr><\/thead><tbody><tr><td><strong>Vigencia<\/strong><\/td><td>Hasta el 12 de septiembre de 2027.<\/td><\/tr><tr><td><strong>Alcance<\/strong><\/td><td>Deporte amateur, estudiantil y de alto rendimiento.<\/td><\/tr><tr><td><strong>Mecanismo<\/strong><\/td><td>Esquemas claros de transparencia, seguimiento y gesti\u00f3n de recursos federales.<\/td><\/tr><\/tbody><\/table><\/figure>\n\n\n\n<p class=\"wp-block-paragraph\">Con esta alianza, Sonora sienta las bases para una colaboraci\u00f3n estrat\u00e9gica que promete potenciar el talento de sus atletas y consolidar un estilo de vida saludable en la entidad.<\/p>\n","protected":false},"excerpt":{"rendered":"<p>HERMOSILLO, SONORA.\u2013 Con el firme objetivo de consolidar a Sonora como un referente deportivo a nivel nacional, el gobernador Alfonso Durazo Monta\u00f1o encabez\u00f3 la firma del convenio marco de coordinaci\u00f3n entre la Comisi\u00f3n Nacional de Cultura F\u00edsica y Deporte (Conade) y la Comisi\u00f3n del Deporte del Estado de Sonora (Codeson). Este acuerdo estrat\u00e9gico, que cont\u00f3&#8230;<\/p>\n","protected":false},"author":2,"featured_media":70687,"comment_status":"closed","ping_status":"closed","sticky":false,"template":"","format":"standard","meta":{"_crdt_document":"","_exactmetrics_skip_tracking":false,"_exactmetrics_sitenote_active":false,"_exactmetrics_sitenote_note":"","_exactmetrics_sitenote_category":0,"footnotes":""},"categories":[21,22,26,31,27,69],"tags":[71,72,74,28,30],"class_list":["post-70686","post","type-post","status-publish","format-standard","has-post-thumbnail","hentry","category-deportes","category-escena","category-local","category-politica","category-sonora","category-ultimas-noticias","tag-alfonso-durazo","tag-claudia-sheinbaum","tag-hermosillo","tag-nogales","tag-sonora-tierra-de-oportunidades"],"_links":{"self":[{"href":"https:\/\/elpajaritonews.com\/index.php?rest_route=\/wp\/v2\/posts\/70686","targetHints":{"allow":["GET"]}}],"collection":[{"href":"https:\/\/elpajaritonews.com\/index.php?rest_route=\/wp\/v2\/posts"}],"about":[{"href":"https:\/\/elpajaritonews.com\/index.php?rest_route=\/wp\/v2\/types\/post"}],"author":[{"embeddable":true,"href":"https:\/\/elpajaritonews.com\/index.php?rest_route=\/wp\/v2\/users\/2"}],"replies":[{"embeddable":true,"href":"https:\/\/elpajaritonews.com\/index.php?rest_route=%2Fwp%2Fv2%2Fcomments&post=70686"}],"version-history":[{"count":1,"href":"https:\/\/elpajaritonews.com\/index.php?rest_route=\/wp\/v2\/posts\/70686\/revisions"}],"predecessor-version":[{"id":70688,"href":"https:\/\/elpajaritonews.com\/index.php?rest_route=\/wp\/v2\/posts\/70686\/revisions\/70688"}],"wp:featuredmedia":[{"embeddable":true,"href":"https:\/\/elpajaritonews.com\/index.php?rest_route=\/wp\/v2\/media\/70687"}],"wp:attachment":[{"href":"https:\/\/elpajaritonews.com\/index.php?rest_route=%2Fwp%2Fv2%2Fmedia&parent=70686"}],"wp:term":[{"taxonomy":"category","embeddable":true,"href":"https:\/\/elpajaritonews.com\/index.php?rest_route=%2Fwp%2Fv2%2Fcategories&post=70686"},{"taxonomy":"post_tag","embeddable":true,"href":"https:\/\/elpajaritonews.com\/index.php?rest_route=%2Fwp%2Fv2%2Ftags&post=70686"}],"curies":[{"name":"wp","href":"https:\/\/api.w.org\/{rel}","templated":true}]}}